{"id":19089,"date":"2018-09-28T15:50:31","date_gmt":"2018-09-28T13:50:31","guid":{"rendered":"https:\/\/www.almega.se\/?p=19089"},"modified":"2022-03-28T11:07:56","modified_gmt":"2022-03-28T09:07:56","slug":"uppdatering-avseende-avstamningarna-med-vardforbundet-branscherna-foretagshalsovard-vard-och-behandlingsverksamhet-samt-omsorgsverksamt-och-aldreomsorg","status":"publish","type":"post","link":"https:\/\/www.almega.se\/2018\/09\/uppdatering-avseende-avstamningarna-med-vardforbundet-branscherna-foretagshalsovard-vard-och-behandlingsverksamhet-samt-omsorgsverksamt-och-aldreomsorg\/","title":{"rendered":"Uppdatering avseende avst\u00e4mningarna med V\u00e5rd&shy;f\u00f6rbundet"},"content":{"rendered":"V\u00e5rdf\u00f6retagarna har under augusti och september suttit i avst\u00e4mningar med V\u00e5rdf\u00f6rbundet avseende v\u00e5rt gemensamma tillsvidareavtal som g\u00e4ller f\u00f6r era anst\u00e4llda sjuksk\u00f6terskor. Samtalen som f\u00f6rts har varit konstruktiva. Syftet med dessa avst\u00e4mningar \u00e4r att vi bland annat justerar krontalsers\u00e4ttningar (ob- och beredskapsers\u00e4ttning) och andra avtalsvillkor som vi ser beh\u00f6ver f\u00f6r\u00e4ndras f\u00f6r att utveckla avtalen fram\u00e5t.<\/p>\n<p>V\u00e5rdf\u00f6rbundet har framf\u00f6rt ett yrkande om att heltidsm\u00e5ttet vid nattj\u00e4nst ska s\u00e4nkas fr\u00e5n dagens 36 timmar och 20 minuter till 34 timmar och 20 minuter. V\u00e5rdf\u00f6rbundet menar att en f\u00f6rkortning av arbetstiden skulle f\u00f6rb\u00e4ttra arbetsmilj\u00f6n f\u00f6r sjuksk\u00f6terskor som arbetar natt.<\/p>\n<p>Idag, den 28 september 2018, har V\u00e5rdf\u00f6rbundet valt att s\u00e4ga upp kollektivavtalet vilket inneb\u00e4r att avtalet l\u00f6per ut den 31 december. Kollektivavtalets regler forts\u00e4tter dock att g\u00e4lla \u00e4ven efter detta datum. Anledningen till att V\u00e5rdf\u00f6rbundet har valt att s\u00e4ga upp kollektivavtalet, enligt v\u00e5r bed\u00f6mning, \u00e4r f\u00f6r att s\u00e4tta ett lite h\u00e5rdare tryck i avst\u00e4mningarna f\u00f6r att f\u00e5 igenom en arbetstidsf\u00f6rkortning. Vi ser inte att upps\u00e4gningen inneb\u00e4r n\u00e5gon st\u00f6rre f\u00f6r\u00e4ndring i v\u00e5rt arbete utan vi parter forts\u00e4tter diskussionerna i samma konstruktiva anda under resten av h\u00f6sten.<\/p>\n<p>V\u00e5rdf\u00f6retagarna har f\u00f6reslagit att parterna ska b\u00f6rja med att tillsammans g\u00e5 igenom den forskning som finns p\u00e5 omr\u00e5det och sedan utreda om eventuellt skadligt arbete f\u00f6rekommer i verksamheter p\u00e5 v\u00e5rt avtalsomr\u00e5de. F\u00f6r V\u00e5rdf\u00f6retagarna och v\u00e5ra medlemsf\u00f6retag \u00e4r det viktigt att vi erbjuder en god arbetsmilj\u00f6 i v\u00e5ra verksamheter. Det \u00e4r d\u00e4rf\u00f6r viktigt att vi g\u00f6r ett partsgemensamt arbete d\u00e4r vi tittar p\u00e5 arbetsmilj\u00f6n i stort och inte endast p\u00e5 antalet arbetade timmar.<\/p>\n<p>V\u00e5rdf\u00f6retagarna kommer att forts\u00e4tta samtalen med V\u00e5rdf\u00f6rbundet och \u00e5terkommer med mer information l\u00e4ngre fram.<\/p>\n<p>Om ni har n\u00e5gra fr\u00e5gor, v\u00e4nligen kontakta oss p\u00e5 V\u00e5rdf\u00f6retagarna!<\/p>\n","protected":false},"excerpt":{"rendered":"<p>V\u00e5rdf\u00f6retagarna har under augusti och september suttit i avst\u00e4mningar med V\u00e5rdf\u00f6rbundet avseende v\u00e5rt gemensamma tillsvidareavtal som g\u00e4ller f\u00f6r era anst\u00e4llda sjuksk\u00f6terskor. Samtalen som f\u00f6rts har varit konstruktiva. Syftet med dessa avst\u00e4mningar \u00e4r att vi bland &hellip;<\/p>\n","protected":false},"author":21100,"featured_media":0,"comment_status":"closed","ping_status":"open","sticky":false,"template":"","format":"standard","meta":{"_acf_changed":false,"footnotes":""},"categories":[1],"tags":[],"article_type":[313],"agreement":[158,238,245],"class_list":["post-19089","post","type-post","status-publish","format-standard","hentry","category-okategoriserade","type-arbetsgivarnytt","agreement-c1cd80f7-ff07-de11-b4e1-02bf9e69ca65","agreement-bfcd80f7-ff07-de11-b4e1-02bf9e69ca65","agreement-d8372015-3f44-e211-be83-005056b20fd8"],"acf":[],"yoast_head":"<!-- This site is optimized with the Yoast SEO Premium plugin v26.8 (Yoast SEO v26.8) - https:\/\/yoast.com\/product\/yoast-seo-premium-wordpress\/ -->\n<title>Uppdatering avseende avst\u00e4mningarna med V\u00e5rdf\u00f6rbundet | Almega<\/title>\n<meta name=\"robots\" content=\"index, follow, max-snippet:-1, max-image-preview:large, max-video-preview:-1\" \/>\n<link rel=\"canonical\" href=\"https:\/\/www.almega.se\/2018\/09\/uppdatering-avseende-avstamningarna-med-vardforbundet-branscherna-foretagshalsovard-vard-och-behandlingsverksamhet-samt-omsorgsverksamt-och-aldreomsorg\/\" \/>\n<meta property=\"og:locale\" content=\"sv_SE\" \/>\n<meta property=\"og:type\" content=\"article\" \/>\n<meta property=\"og:title\" content=\"Uppdatering avseende avst\u00e4mningarna med V\u00e5rdf\u00f6rbundet\" \/>\n<meta property=\"og:description\" content=\"V\u00e5rdf\u00f6retagarna har under augusti och september suttit i avst\u00e4mningar med V\u00e5rdf\u00f6rbundet avseende v\u00e5rt gemensamma tillsvidareavtal som g\u00e4ller f\u00f6r era anst\u00e4llda sjuksk\u00f6terskor. Samtalen som f\u00f6rts har varit konstruktiva. Syftet med dessa avst\u00e4mningar \u00e4r att vi bland &hellip;\" \/>\n<meta property=\"og:url\" content=\"https:\/\/www.almega.se\/2018\/09\/uppdatering-avseende-avstamningarna-med-vardforbundet-branscherna-foretagshalsovard-vard-och-behandlingsverksamhet-samt-omsorgsverksamt-och-aldreomsorg\/\" \/>\n<meta property=\"og:site_name\" content=\"Almega\" \/>\n<meta property=\"article:published_time\" content=\"2018-09-28T13:50:31+00:00\" \/>\n<meta property=\"article:modified_time\" content=\"2022-03-28T09:07:56+00:00\" \/>\n<meta property=\"og:image\" content=\"https:\/\/www.almega.se\/app\/uploads\/2020\/12\/almega-share-logo.png\" \/>\n\t<meta property=\"og:image:width\" content=\"1200\" \/>\n\t<meta property=\"og:image:height\" content=\"630\" \/>\n\t<meta property=\"og:image:type\" content=\"image\/png\" \/>\n<meta name=\"author\" content=\"Christoffer Bj\u00f6rkwall\" \/>\n<meta name=\"twitter:card\" content=\"summary_large_image\" \/>\n<meta name=\"twitter:label1\" content=\"Skriven av\" \/>\n\t<meta name=\"twitter:data1\" content=\"Christoffer Bj\u00f6rkwall\" \/>\n\t<meta name=\"twitter:label2\" content=\"Ber\u00e4knad l\u00e4stid\" \/>\n\t<meta name=\"twitter:data2\" content=\"2 minuter\" \/>\n<!-- \/ Yoast SEO Premium plugin. -->","yoast_head_json":{"title":"Uppdatering avseende avst\u00e4mningarna med V\u00e5rdf\u00f6rbundet | Almega","robots":{"index":"index","follow":"follow","max-snippet":"max-snippet:-1","max-image-preview":"max-image-preview:large","max-video-preview":"max-video-preview:-1"},"canonical":"https:\/\/www.almega.se\/2018\/09\/uppdatering-avseende-avstamningarna-med-vardforbundet-branscherna-foretagshalsovard-vard-och-behandlingsverksamhet-samt-omsorgsverksamt-och-aldreomsorg\/","og_locale":"sv_SE","og_type":"article","og_title":"Uppdatering avseende avst\u00e4mningarna med V\u00e5rdf\u00f6rbundet","og_description":"V\u00e5rdf\u00f6retagarna har under augusti och september suttit i avst\u00e4mningar med V\u00e5rdf\u00f6rbundet avseende v\u00e5rt gemensamma tillsvidareavtal som g\u00e4ller f\u00f6r era anst\u00e4llda sjuksk\u00f6terskor. Samtalen som f\u00f6rts har varit konstruktiva. Syftet med dessa avst\u00e4mningar \u00e4r att vi bland &hellip;","og_url":"https:\/\/www.almega.se\/2018\/09\/uppdatering-avseende-avstamningarna-med-vardforbundet-branscherna-foretagshalsovard-vard-och-behandlingsverksamhet-samt-omsorgsverksamt-och-aldreomsorg\/","og_site_name":"Almega","article_published_time":"2018-09-28T13:50:31+00:00","article_modified_time":"2022-03-28T09:07:56+00:00","og_image":[{"width":1200,"height":630,"url":"https:\/\/www.almega.se\/app\/uploads\/2020\/12\/almega-share-logo.png","type":"image\/png"}],"author":"Christoffer Bj\u00f6rkwall","twitter_card":"summary_large_image","twitter_misc":{"Skriven av":"Christoffer Bj\u00f6rkwall","Ber\u00e4knad l\u00e4stid":"2 minuter"},"schema":{"@context":"https:\/\/schema.org","@graph":[{"@type":"NewsArticle","@id":"https:\/\/www.almega.se\/2018\/09\/uppdatering-avseende-avstamningarna-med-vardforbundet-branscherna-foretagshalsovard-vard-och-behandlingsverksamhet-samt-omsorgsverksamt-och-aldreomsorg\/#article","isPartOf":{"@id":"https:\/\/www.almega.se\/2018\/09\/uppdatering-avseende-avstamningarna-med-vardforbundet-branscherna-foretagshalsovard-vard-och-behandlingsverksamhet-samt-omsorgsverksamt-och-aldreomsorg\/"},"author":{"name":"Christoffer Bj\u00f6rkwall","@id":"https:\/\/www.almega.se\/#\/schema\/person\/85455dd30dc7dd48496950cee22dd217"},"headline":"Uppdatering avseende avst\u00e4mningarna med V\u00e5rd&shy;f\u00f6rbundet","datePublished":"2018-09-28T13:50:31+00:00","dateModified":"2022-03-28T09:07:56+00:00","mainEntityOfPage":{"@id":"https:\/\/www.almega.se\/2018\/09\/uppdatering-avseende-avstamningarna-med-vardforbundet-branscherna-foretagshalsovard-vard-och-behandlingsverksamhet-samt-omsorgsverksamt-och-aldreomsorg\/"},"wordCount":367,"inLanguage":"sv-SE"},{"@type":"WebPage","@id":"https:\/\/www.almega.se\/2018\/09\/uppdatering-avseende-avstamningarna-med-vardforbundet-branscherna-foretagshalsovard-vard-och-behandlingsverksamhet-samt-omsorgsverksamt-och-aldreomsorg\/","url":"https:\/\/www.almega.se\/2018\/09\/uppdatering-avseende-avstamningarna-med-vardforbundet-branscherna-foretagshalsovard-vard-och-behandlingsverksamhet-samt-omsorgsverksamt-och-aldreomsorg\/","name":"Uppdatering avseende avst\u00e4mningarna med V\u00e5rdf\u00f6rbundet | Almega","isPartOf":{"@id":"https:\/\/www.almega.se\/#website"},"datePublished":"2018-09-28T13:50:31+00:00","dateModified":"2022-03-28T09:07:56+00:00","author":{"@id":"https:\/\/www.almega.se\/#\/schema\/person\/85455dd30dc7dd48496950cee22dd217"},"breadcrumb":{"@id":"https:\/\/www.almega.se\/2018\/09\/uppdatering-avseende-avstamningarna-med-vardforbundet-branscherna-foretagshalsovard-vard-och-behandlingsverksamhet-samt-omsorgsverksamt-och-aldreomsorg\/#breadcrumb"},"inLanguage":"sv-SE","potentialAction":[{"@type":"ReadAction","target":["https:\/\/www.almega.se\/2018\/09\/uppdatering-avseende-avstamningarna-med-vardforbundet-branscherna-foretagshalsovard-vard-och-behandlingsverksamhet-samt-omsorgsverksamt-och-aldreomsorg\/"]}]},{"@type":"BreadcrumbList","@id":"https:\/\/www.almega.se\/2018\/09\/uppdatering-avseende-avstamningarna-med-vardforbundet-branscherna-foretagshalsovard-vard-och-behandlingsverksamhet-samt-omsorgsverksamt-och-aldreomsorg\/#breadcrumb","itemListElement":[{"@type":"ListItem","position":1,"name":"Home","item":"https:\/\/www.almega.se\/"},{"@type":"ListItem","position":2,"name":"Uppdatering avseende avst\u00e4mningarna med V\u00e5rd&shy;f\u00f6rbundet"}]},{"@type":"WebSite","@id":"https:\/\/www.almega.se\/#website","url":"https:\/\/www.almega.se\/","name":"Almega","description":"","potentialAction":[{"@type":"SearchAction","target":{"@type":"EntryPoint","urlTemplate":"https:\/\/www.almega.se\/?s={search_term_string}"},"query-input":{"@type":"PropertyValueSpecification","valueRequired":true,"valueName":"search_term_string"}}],"inLanguage":"sv-SE"},{"@type":"Person","@id":"https:\/\/www.almega.se\/#\/schema\/person\/85455dd30dc7dd48496950cee22dd217","name":"Christoffer Bj\u00f6rkwall","image":{"@type":"ImageObject","inLanguage":"sv-SE","@id":"https:\/\/www.almega.se\/#\/schema\/person\/image\/","url":"https:\/\/secure.gravatar.com\/avatar\/956880dd99ad7977c1311ac56674963f4336935dd0a0213718b2293a4929de54?s=96&d=mm&r=g","contentUrl":"https:\/\/secure.gravatar.com\/avatar\/956880dd99ad7977c1311ac56674963f4336935dd0a0213718b2293a4929de54?s=96&d=mm&r=g","caption":"Christoffer Bj\u00f6rkwall"},"url":"https:\/\/www.almega.se\/person\/_j9ud6qydtb7peyh5q9truisdz8givruub40jznsy\/"}]}},"_links":{"self":[{"href":"https:\/\/www.almega.se\/api\/wp\/v2\/posts\/19089","targetHints":{"allow":["GET"]}}],"collection":[{"href":"https:\/\/www.almega.se\/api\/wp\/v2\/posts"}],"about":[{"href":"https:\/\/www.almega.se\/api\/wp\/v2\/types\/post"}],"author":[{"embeddable":true,"href":"https:\/\/www.almega.se\/api\/wp\/v2\/users\/21100"}],"replies":[{"embeddable":true,"href":"https:\/\/www.almega.se\/api\/wp\/v2\/comments?post=19089"}],"version-history":[{"count":0,"href":"https:\/\/www.almega.se\/api\/wp\/v2\/posts\/19089\/revisions"}],"wp:attachment":[{"href":"https:\/\/www.almega.se\/api\/wp\/v2\/media?parent=19089"}],"wp:term":[{"taxonomy":"category","embeddable":true,"href":"https:\/\/www.almega.se\/api\/wp\/v2\/categories?post=19089"},{"taxonomy":"post_tag","embeddable":true,"href":"https:\/\/www.almega.se\/api\/wp\/v2\/tags?post=19089"},{"taxonomy":"type","embeddable":true,"href":"https:\/\/www.almega.se\/api\/wp\/v2\/article_type?post=19089"},{"taxonomy":"agreement","embeddable":true,"href":"https:\/\/www.almega.se\/api\/wp\/v2\/agreement?post=19089"}],"curies":[{"name":"wp","href":"https:\/\/api.w.org\/{rel}","templated":true}]}}