{"id":19036,"date":"2018-09-26T14:37:40","date_gmt":"2018-09-26T12:37:40","guid":{"rendered":"https:\/\/www.almega.se\/?p=19036"},"modified":"2022-03-28T11:08:32","modified_gmt":"2022-03-28T09:08:32","slug":"viktig-information-infor-inrapportering-av-lonestatistik-september-manad-2018","status":"publish","type":"post","link":"https:\/\/www.almega.se\/2018\/09\/viktig-information-infor-inrapportering-av-lonestatistik-september-manad-2018\/","title":{"rendered":"Viktig information inf\u00f6r in&shy;rapportering av l\u00f6nestatistik f\u00f6r september m\u00e5nad 2018 &#8211; \u00c4ldreomsorg"},"content":{"rendered":"\n<p class=\"intro\"><strong>Till V\u00e5rdf\u00f6retagarnas bransch \u00c4ldreomsorg.<\/strong><\/p>\n<p class=\"intro\"><strong>Viktigt att detta utskick vidarebefordras till dem i medlemsf\u00f6retagen som sk\u00f6ter den \u00e5rliga inrapporteringen av l\u00f6nestatistik.<\/strong><strong>\u00a0<\/strong><\/p>\n<p><strong>Snart dags att rapportera in de anst\u00e4lldas l\u00f6ner f\u00f6r september m\u00e5nad 2018<\/strong><br \/>\nUnder sista veckan i september kommer medlemsf\u00f6retag i branschen med arbetsplatser med fem anst\u00e4llda eller fler, att f\u00e5 ett utskick fr\u00e5n Svenskt N\u00e4ringsliv d\u00e4r de ombeds rapportera in de anst\u00e4lldas l\u00f6ner i september 2018.<\/p>\n<p>Det \u00e4r viktigt att samtliga medlemsf\u00f6retag med arbetsplatser med fem anst\u00e4llda eller fler rapporterar in l\u00f6nerna och g\u00f6r det p\u00e5 r\u00e4tt yrkeskod. Detta f\u00f6r att vi ska f\u00e5 en l\u00f6nestatistik som speglar verkligheten och som medlemsf\u00f6retagen kan utg\u00e5 ifr\u00e5n vid exempelvis nyrekrytering eller n\u00e4r man vill se hur f\u00f6retagets l\u00f6ner f\u00f6rh\u00e5ller sig till marknadsl\u00f6nerna i branschen. Det \u00e4r ocks\u00e5 oerh\u00f6rt viktigt f\u00f6r V\u00e5rdf\u00f6retagarna att l\u00f6nerna rapporteras in p\u00e5 r\u00e4tt yrkeskoder s\u00e5 att vi under avtalsf\u00f6rhandlingar kan g\u00f6ra s\u00e5 korrekta ber\u00e4kningar som m\u00f6jligt. I de senaste \u00e5rens inrapporteringar har vi uppt\u00e4ckt att m\u00e5nga medlemsf\u00f6retag rapporterar de anst\u00e4lldas l\u00f6ner p\u00e5 fel yrkeskoder, vilket medf\u00f6r ett s\u00e4mre ber\u00e4kningsunderlag f\u00f6r oss under avtalsf\u00f6rhandlingar.<\/p>\n<p><strong>Vilka arbetsuppgifter ska rapporteras in p\u00e5 vilken yrkeskod?<br \/>\n<\/strong>Det \u00e4r den anst\u00e4lldes arbetsuppgifter som avg\u00f6r vilken yrkeskod som den anst\u00e4llde ska rapporteras in p\u00e5. Inte den anst\u00e4lldes utbildning. Dock kan den anst\u00e4lldes utbildning vara avg\u00f6rande f\u00f6r vilka arbetsuppgifter den anst\u00e4llde har. Kr\u00e4ver vissa arbetsuppgifter en viss utbildning \u00e4r det endast anst\u00e4llda med de arbetsuppgifterna och den utbildningen som ska rapporteras in p\u00e5 aktuell yrkeskod.<\/p>\n<p>Yrkeskoderna som anv\u00e4nds g\u00e5r under ben\u00e4mningen N\u00e4ringslivets Yrkeskoder (NYK). NYK best\u00e5r av sex siffor. De fyra f\u00f6rsta siffrorna \u00e4r desamma som anv\u00e4nds i den officiella l\u00f6nestatistiken som Statistiska centralbyr\u00e5n (SCB) ansvarar f\u00f6r. De tv\u00e5 sista siffrorna anv\u00e4nds f\u00f6r att vid behov f\u00f6rfina SCBs koder. V\u00e5rdf\u00f6retagarna har gjort flera s\u00e5dana f\u00f6rfiningar som det \u00e4r viktigt att branschens medlemsf\u00f6retag anv\u00e4nder.<\/p>\n<p>Vi ber er vid \u00e5rets inrapportering att se \u00f6ver era valda yrkeskoder. Kanske har ni medarbetare som har bytt arbetsuppgifter och d\u00e4rf\u00f6r ska rapporteras in p\u00e5 en annan yrkeskod?<\/p>\n<p><strong>Viktigt att t\u00e4nka p\u00e5 vid val av yrkeskod f\u00f6r sjuksk\u00f6terskors arbetsuppgifter<br \/>\n<\/strong>Det finns en yrkeskod f\u00f6r grundutbildade sjuksk\u00f6terskor och 17 yrkeskoder f\u00f6r olika specialistsjuksk\u00f6terskor. Kom ih\u00e5g att det \u00e4r sjuksk\u00f6terskornas arbetsuppgifter som avg\u00f6r vilken yrkeskod deras l\u00f6ner ska rapporteras in p\u00e5. Det \u00e4r endast specialistutbildade sjuksk\u00f6terskor som har helt eller delvis andra arbetsuppgifter \u00e4n grundutbildade sjuksk\u00f6terskor som ska rapporteras in p\u00e5 yrkeskoderna f\u00f6r specialistsjuksk\u00f6terskor.<\/p>\n<p>Vi ber er med anledning av ovan att vid \u00e5rets inrapportering se \u00f6ver era val av yrkeskoder f\u00f6r anst\u00e4llda sjuksk\u00f6terskor.<\/p>\n<p><strong>V\u00e4lj en av tre yrkeskoder f\u00f6r arbetsterapeuter<br \/>\n<\/strong>Eftersom vissa arbetsuppgifter som arbetsterapeuter har idag inneb\u00e4r en specialistfunktion eller kr\u00e4ver specialistkompetens vill vi att ni rapporterar in l\u00f6ner f\u00f6r anst\u00e4llda arbetsterapeuter p\u00e5 n\u00e5gon av f\u00f6ljande tre yrkeskoder;<\/p>\n<p>\u2013\u00a0 227305 Arbetsterapeuter, grundutbildad<br \/>\nArbetar i regulj\u00e4ra arbetsuppgifter inom v\u00e5rd och behandling utan s\u00e4rskilda inriktningskrav eller ut\u00f6kat ansvar i tj\u00e4nsten.<\/p>\n<p>\u2013 227310 Arbetsterapeuter, specialistfunktion<br \/>\nUtf\u00f6r arbetsterapi med specialistfunktion inom \u00e4mnesomr\u00e5de.<\/p>\n<p>-227315 Specialistarbetsterapeuter<br \/>\nArbetsterapeuter med specialistkompetens utifr\u00e5n Sveriges Arbetsterapeuters specialistordning. Patientbehandling komplexa fall. Handleda kollegor. Ansvarar f\u00f6r att strategiskt implementera evidens och nya arbetss\u00e4tt.<\/p>\n<p>Ni ska allts\u00e5 inte rapportera in arbetsterapeuter p\u00e5 den \u00f6vergripande yrkeskoden 227300 utan ist\u00e4llet v\u00e4lja n\u00e5gon av de f\u00f6rfinade yrkeskoderna 227305, 227310 eller 227315.<\/p>\n<p><strong>V\u00e4lj en av tre yrkeskoder f\u00f6r fysioterapeuter<br \/>\n<\/strong>Eftersom vissa arbetsuppgifter som fysioterapeuter har idag inneb\u00e4r en specialistfunktion eller kr\u00e4ver specialistkompetens vill vi att ni rapporterar in l\u00f6ner f\u00f6r anst\u00e4llda fysioterapeuter p\u00e5 n\u00e5gon av f\u00f6ljande tre yrkeskoder;<br \/>\n\u2013 227205 Fysioterapeut, grundutbildad<br \/>\nArbetar i regulj\u00e4ra arbetsuppgifter inom v\u00e5rd och behandling utan s\u00e4rskilda i inriktningskrav eller ut\u00f6kat ansvar i tj\u00e4nsten.<\/p>\n<p>\u2013 227210 Fysioterapeut, specialfunktion<br \/>\nUtf\u00f6r fysioterapiuppgifter med specialistfunktion, expv ultraljudsdiagnostik, diabetes, astma och kol, lymfterapi, ortopedteknik, avancerad hemsjukv\u00e5rd.<\/p>\n<p>\u2013 227215 Specialistfysioterapeuter<br \/>\nFysioterapeuter med specialistkompetens utifr\u00e5n Fysioterapeuternas specialistordning. Patientbehandling komplexa fall. Handleda kollegor. Ansvarar f\u00f6r att strategiskt implementera evidens och nya arbetss\u00e4tt.<\/p>\n<p>Ni ska allts\u00e5 inte rapportera in fysioterapeuter p\u00e5 den \u00f6vergripande yrkeskoden 227200 utan ist\u00e4llet v\u00e4lja n\u00e5gon av de f\u00f6rfinade yrkeskoderna 227205, 227210 eller 227215.<\/p>\n<p><strong>Lista med de vanligaste yrkeskoderna i bransch \u00e4ldreomsorg<br \/>\n<\/strong>153100 Avdelningschefer inom \u00e4ldreomsorg, niv\u00e5 1<br \/>\nPlanerar, leder och samordnar den \u00f6vergripande verksamheten inom \u00e4ldreomsorg, i samr\u00e5d med h\u00f6gre chefer och chefer f\u00f6r andra avdelningar eller enheter, samt underst\u00e4llda chefer. Formulerar och ansvarar f\u00f6r m\u00e5l och strategier f\u00f6r verksamhet inom \u00e4ldreomsorg. Utformar riktlinjer, f\u00f6ljer upp och utv\u00e4rderar verksamheten mot uppsatta m\u00e5l. Svarar f\u00f6r budget samt f\u00f6rdelar resurserna inom verksamheten.<\/p>\n<p>153200 Enhetschefer inom \u00e4ldreomsorg, niv\u00e5 2<br \/>\nPlanl\u00e4gger och leder den dagliga verksamheten samt ansvarar f\u00f6r personal.<\/p>\n<p>222100 Grundutbildade sjuksk\u00f6terskor<br \/>\nBehandlar och v\u00e5rdar samt ansvarar f\u00f6r den medicinska omv\u00e5rdnaden och l\u00e4kemedelshantering.<\/p>\n<p>222400 Distriktssjuksk\u00f6terskor<br \/>\nSvarar f\u00f6r \u00f6ppen h\u00e4lso- och sjukv\u00e5rd inom ett geografiskt omr\u00e5de. Ger r\u00e5d och behandlingar p\u00e5 egen mottagning eller vid hembes\u00f6k. G\u00f6r bed\u00f6mningar av patienters h\u00e4lso- och sjukdoms tillst\u00e5nd och v\u00e5rdbehov.<\/p>\n<p>222700 Geriatriksjuksk\u00f6terskor<br \/>\nGer omv\u00e5rdnad till \u00e4ldre m\u00e4nniskor f\u00f6r att f\u00f6rebygga och behandla \u00e5ldersrelaterade sjukdomar.<\/p>\n<p>227205 Fysioterapeuter, grundutbildad<br \/>\nArbetar i regulj\u00e4ra arbetsuppgifter inom v\u00e5rd och behandling utan s\u00e4rskilda i inriktningskrav eller ut\u00f6kat ansvar i tj\u00e4nsten.<\/p>\n<p>227210 Fysioterapeuter, specialfunktion<br \/>\nUtf\u00f6r fysioterapiuppgifter med specialistfunktion, expv ultraljudsdiagnostik, diabetes, astma och kol, lymfterapi, ortopedteknik, avancerad hemsjukv\u00e5rd.<\/p>\n<p>227215 Specialistfysioterapeut.er<br \/>\nFysioterapeuter med specialistkompetens utifr\u00e5n Fysioterapeuternas specialistordning. Patientbehandling komplexa fall. Handleda kollegor. Ansvarar f\u00f6r att strategiskt implementera evidens och nya arbetss\u00e4tt.<\/p>\n<p>227305 Arbetsterapeuter, grundutbildad<br \/>\nArbetar i regulj\u00e4ra arbetsuppgifter inom v\u00e5rd och behandling utan s\u00e4rskilda inriktningskrav eller ut\u00f6kat ansvar i tj\u00e4nsten.<\/p>\n<p>227310 Arbetsterapeuter, specialistfunktion<br \/>\nUtf\u00f6r arbetsterapi med specialistfunktion inom \u00e4mnesomr\u00e5de.<\/p>\n<p>227315 Specialistarbetsterapeuter<br \/>\nArbetsterapeut med specialistkompetens utifr\u00e5n Sveriges Arbetsterapeuters specialistordning. Patientbehandling komplexa fall. Handleda kollegor. Ansvarar f\u00f6r att strategiskt implementera evidens och nya arbetss\u00e4tt.<\/p>\n<p>512000 Kockar och kallsk\u00e4nkor<br \/>\nLagar, l\u00e4gger upp och garnerar mat inom hotell- och restaurangn\u00e4ring, inom stork\u00f6k, provk\u00f6k, p\u00e5 ett fartyg eller i en butik.<\/p>\n<p>532100 Undersk\u00f6terskor, hemtj\u00e4nst, hemsjukv\u00e5rd och \u00e4ldreomsorg<br \/>\nGer individuell v\u00e5rd och omsorg till \u00e4ldre i eget eller s\u00e4rskilt boende. Utf\u00f6r h\u00e4lso- och sjukv\u00e5rdsuppgifter efter instruktion och delegering t.ex. kvalificerad s\u00e5rv\u00e5rd och kateterspolning.<\/p>\n<p>533005 V\u00e5rdbitr\u00e4den, \u00e4ldreomsorg<br \/>\nGer individuell v\u00e5rd och omsorg till \u00e4ldre i s\u00e4rskilt boende.<\/p>\n<p>533010 V\u00e5rdbitr\u00e4den, hemtj\u00e4nst<br \/>\nGer st\u00f6d, service och omsorg i hemmet till \u00e4ldre, sjuka eller personer med funktions neds\u00e4ttning. Bist\u00e5r i vardagliga sysslor. Hj\u00e4lper till med exempelvis hygien.<\/p>\n<p>911100 St\u00e4dare<br \/>\nSt\u00e4dar och reng\u00f6r lokaler som t.ex. aff\u00e4rer, bost\u00e4der, hotell, industrier, kontor, restauranger och skolor. St\u00e4dar fordon som t.ex. bussar, tunnelbane- och j\u00e4rnv\u00e4gsvagnar samt fartyg och flygplan.<\/p>\n<p>962200 Vaktm\u00e4stare<br \/>\nSamlar in, sorterar och delar ut post och paket m.m. Ansvarar f\u00f6r kontorsmaterial samt underh\u00e5ller vissa kontorsmaskiner. Hj\u00e4lper till vid omflyttningar. Utf\u00f6r enklare reparationer. B\u00e4r bagage p\u00e5 hotell. Tar emot entr\u00e9biljetter och ansvarar f\u00f6r g\u00e4sters ytterkl\u00e4der.<\/p>\n<p>&nbsp;<\/p>\n<p>&nbsp;<\/p>\n","protected":false},"excerpt":{"rendered":"<p>Till V\u00e5rdf\u00f6retagarnas bransch \u00c4ldreomsorg. Viktigt att detta utskick vidarebefordras till dem i medlemsf\u00f6retagen som sk\u00f6ter den \u00e5rliga inrapporteringen av l\u00f6nestatistik.\u00a0 Snart dags att rapportera in de anst\u00e4lldas l\u00f6ner f\u00f6r september m\u00e5nad 2018 Under sista veckan &hellip;<\/p>\n","protected":false},"author":21100,"featured_media":0,"comment_status":"closed","ping_status":"open","sticky":false,"template":"","format":"standard","meta":{"_acf_changed":false,"footnotes":""},"categories":[1],"tags":[],"article_type":[313],"agreement":[245,243,244],"class_list":["post-19036","post","type-post","status-publish","format-standard","hentry","category-okategoriserade","type-arbetsgivarnytt","agreement-d8372015-3f44-e211-be83-005056b20fd8","agreement-1ac6e1f5-3f44-e211-be83-005056b20fd8","agreement-70ee1081-3f44-e211-be83-005056b20fd8"],"acf":[],"yoast_head":"<!-- This site is optimized with the Yoast SEO Premium plugin v26.8 (Yoast SEO v26.8) - https:\/\/yoast.com\/product\/yoast-seo-premium-wordpress\/ -->\n<title>Viktig information inf\u00f6r inrapportering av l\u00f6nestatistik f\u00f6r september m\u00e5nad 2018 - \u00c4ldreomsorg | Almega<\/title>\n<meta name=\"robots\" content=\"index, follow, max-snippet:-1, max-image-preview:large, max-video-preview:-1\" \/>\n<link rel=\"canonical\" href=\"https:\/\/www.almega.se\/2018\/09\/viktig-information-infor-inrapportering-av-lonestatistik-september-manad-2018\/\" \/>\n<meta property=\"og:locale\" content=\"sv_SE\" \/>\n<meta property=\"og:type\" content=\"article\" \/>\n<meta property=\"og:title\" content=\"Viktig information inf\u00f6r inrapportering av l\u00f6nestatistik f\u00f6r september m\u00e5nad 2018 - \u00c4ldreomsorg\" \/>\n<meta property=\"og:description\" content=\"Till V\u00e5rdf\u00f6retagarnas bransch \u00c4ldreomsorg. Viktigt att detta utskick vidarebefordras till dem i medlemsf\u00f6retagen som sk\u00f6ter den \u00e5rliga inrapporteringen av l\u00f6nestatistik.\u00a0 Snart dags att rapportera in de anst\u00e4lldas l\u00f6ner f\u00f6r september m\u00e5nad 2018 Under sista veckan &hellip;\" \/>\n<meta property=\"og:url\" content=\"https:\/\/www.almega.se\/2018\/09\/viktig-information-infor-inrapportering-av-lonestatistik-september-manad-2018\/\" \/>\n<meta property=\"og:site_name\" content=\"Almega\" \/>\n<meta property=\"article:published_time\" content=\"2018-09-26T12:37:40+00:00\" \/>\n<meta property=\"article:modified_time\" content=\"2022-03-28T09:08:32+00:00\" \/>\n<meta property=\"og:image\" content=\"https:\/\/www.almega.se\/app\/uploads\/2020\/12\/almega-share-logo.png\" \/>\n\t<meta property=\"og:image:width\" content=\"1200\" \/>\n\t<meta property=\"og:image:height\" content=\"630\" \/>\n\t<meta property=\"og:image:type\" content=\"image\/png\" \/>\n<meta name=\"author\" content=\"Christoffer Bj\u00f6rkwall\" \/>\n<meta name=\"twitter:card\" content=\"summary_large_image\" \/>\n<meta name=\"twitter:label1\" content=\"Skriven av\" \/>\n\t<meta name=\"twitter:data1\" content=\"Christoffer Bj\u00f6rkwall\" \/>\n\t<meta name=\"twitter:label2\" content=\"Ber\u00e4knad l\u00e4stid\" \/>\n\t<meta name=\"twitter:data2\" content=\"6 minuter\" \/>\n<!-- \/ Yoast SEO Premium plugin. -->","yoast_head_json":{"title":"Viktig information inf\u00f6r inrapportering av l\u00f6nestatistik f\u00f6r september m\u00e5nad 2018 - \u00c4ldreomsorg | Almega","robots":{"index":"index","follow":"follow","max-snippet":"max-snippet:-1","max-image-preview":"max-image-preview:large","max-video-preview":"max-video-preview:-1"},"canonical":"https:\/\/www.almega.se\/2018\/09\/viktig-information-infor-inrapportering-av-lonestatistik-september-manad-2018\/","og_locale":"sv_SE","og_type":"article","og_title":"Viktig information inf\u00f6r inrapportering av l\u00f6nestatistik f\u00f6r september m\u00e5nad 2018 - \u00c4ldreomsorg","og_description":"Till V\u00e5rdf\u00f6retagarnas bransch \u00c4ldreomsorg. Viktigt att detta utskick vidarebefordras till dem i medlemsf\u00f6retagen som sk\u00f6ter den \u00e5rliga inrapporteringen av l\u00f6nestatistik.\u00a0 Snart dags att rapportera in de anst\u00e4lldas l\u00f6ner f\u00f6r september m\u00e5nad 2018 Under sista veckan &hellip;","og_url":"https:\/\/www.almega.se\/2018\/09\/viktig-information-infor-inrapportering-av-lonestatistik-september-manad-2018\/","og_site_name":"Almega","article_published_time":"2018-09-26T12:37:40+00:00","article_modified_time":"2022-03-28T09:08:32+00:00","og_image":[{"width":1200,"height":630,"url":"https:\/\/www.almega.se\/app\/uploads\/2020\/12\/almega-share-logo.png","type":"image\/png"}],"author":"Christoffer Bj\u00f6rkwall","twitter_card":"summary_large_image","twitter_misc":{"Skriven av":"Christoffer Bj\u00f6rkwall","Ber\u00e4knad l\u00e4stid":"6 minuter"},"schema":{"@context":"https:\/\/schema.org","@graph":[{"@type":"NewsArticle","@id":"https:\/\/www.almega.se\/2018\/09\/viktig-information-infor-inrapportering-av-lonestatistik-september-manad-2018\/#article","isPartOf":{"@id":"https:\/\/www.almega.se\/2018\/09\/viktig-information-infor-inrapportering-av-lonestatistik-september-manad-2018\/"},"author":{"name":"Christoffer Bj\u00f6rkwall","@id":"https:\/\/www.almega.se\/#\/schema\/person\/85455dd30dc7dd48496950cee22dd217"},"headline":"Viktig information inf\u00f6r in&shy;rapportering av l\u00f6nestatistik f\u00f6r september m\u00e5nad 2018 &#8211; \u00c4ldreomsorg","datePublished":"2018-09-26T12:37:40+00:00","dateModified":"2022-03-28T09:08:32+00:00","mainEntityOfPage":{"@id":"https:\/\/www.almega.se\/2018\/09\/viktig-information-infor-inrapportering-av-lonestatistik-september-manad-2018\/"},"wordCount":1287,"inLanguage":"sv-SE"},{"@type":"WebPage","@id":"https:\/\/www.almega.se\/2018\/09\/viktig-information-infor-inrapportering-av-lonestatistik-september-manad-2018\/","url":"https:\/\/www.almega.se\/2018\/09\/viktig-information-infor-inrapportering-av-lonestatistik-september-manad-2018\/","name":"Viktig information inf\u00f6r inrapportering av l\u00f6nestatistik f\u00f6r september m\u00e5nad 2018 - \u00c4ldreomsorg | Almega","isPartOf":{"@id":"https:\/\/www.almega.se\/#website"},"datePublished":"2018-09-26T12:37:40+00:00","dateModified":"2022-03-28T09:08:32+00:00","author":{"@id":"https:\/\/www.almega.se\/#\/schema\/person\/85455dd30dc7dd48496950cee22dd217"},"breadcrumb":{"@id":"https:\/\/www.almega.se\/2018\/09\/viktig-information-infor-inrapportering-av-lonestatistik-september-manad-2018\/#breadcrumb"},"inLanguage":"sv-SE","potentialAction":[{"@type":"ReadAction","target":["https:\/\/www.almega.se\/2018\/09\/viktig-information-infor-inrapportering-av-lonestatistik-september-manad-2018\/"]}]},{"@type":"BreadcrumbList","@id":"https:\/\/www.almega.se\/2018\/09\/viktig-information-infor-inrapportering-av-lonestatistik-september-manad-2018\/#breadcrumb","itemListElement":[{"@type":"ListItem","position":1,"name":"Home","item":"https:\/\/www.almega.se\/"},{"@type":"ListItem","position":2,"name":"Viktig information inf\u00f6r in&shy;rapportering av l\u00f6nestatistik f\u00f6r september m\u00e5nad 2018 &#8211; \u00c4ldreomsorg"}]},{"@type":"WebSite","@id":"https:\/\/www.almega.se\/#website","url":"https:\/\/www.almega.se\/","name":"Almega","description":"","potentialAction":[{"@type":"SearchAction","target":{"@type":"EntryPoint","urlTemplate":"https:\/\/www.almega.se\/?s={search_term_string}"},"query-input":{"@type":"PropertyValueSpecification","valueRequired":true,"valueName":"search_term_string"}}],"inLanguage":"sv-SE"},{"@type":"Person","@id":"https:\/\/www.almega.se\/#\/schema\/person\/85455dd30dc7dd48496950cee22dd217","name":"Christoffer Bj\u00f6rkwall","image":{"@type":"ImageObject","inLanguage":"sv-SE","@id":"https:\/\/www.almega.se\/#\/schema\/person\/image\/","url":"https:\/\/secure.gravatar.com\/avatar\/956880dd99ad7977c1311ac56674963f4336935dd0a0213718b2293a4929de54?s=96&d=mm&r=g","contentUrl":"https:\/\/secure.gravatar.com\/avatar\/956880dd99ad7977c1311ac56674963f4336935dd0a0213718b2293a4929de54?s=96&d=mm&r=g","caption":"Christoffer Bj\u00f6rkwall"},"url":"https:\/\/www.almega.se\/person\/_j9ud6qydtb7peyh5q9truisdz8givruub40jznsy\/"}]}},"_links":{"self":[{"href":"https:\/\/www.almega.se\/api\/wp\/v2\/posts\/19036","targetHints":{"allow":["GET"]}}],"collection":[{"href":"https:\/\/www.almega.se\/api\/wp\/v2\/posts"}],"about":[{"href":"https:\/\/www.almega.se\/api\/wp\/v2\/types\/post"}],"author":[{"embeddable":true,"href":"https:\/\/www.almega.se\/api\/wp\/v2\/users\/21100"}],"replies":[{"embeddable":true,"href":"https:\/\/www.almega.se\/api\/wp\/v2\/comments?post=19036"}],"version-history":[{"count":0,"href":"https:\/\/www.almega.se\/api\/wp\/v2\/posts\/19036\/revisions"}],"wp:attachment":[{"href":"https:\/\/www.almega.se\/api\/wp\/v2\/media?parent=19036"}],"wp:term":[{"taxonomy":"category","embeddable":true,"href":"https:\/\/www.almega.se\/api\/wp\/v2\/categories?post=19036"},{"taxonomy":"post_tag","embeddable":true,"href":"https:\/\/www.almega.se\/api\/wp\/v2\/tags?post=19036"},{"taxonomy":"type","embeddable":true,"href":"https:\/\/www.almega.se\/api\/wp\/v2\/article_type?post=19036"},{"taxonomy":"agreement","embeddable":true,"href":"https:\/\/www.almega.se\/api\/wp\/v2\/agreement?post=19036"}],"curies":[{"name":"wp","href":"https:\/\/api.w.org\/{rel}","templated":true}]}}