{"id":19009,"date":"2018-09-26T10:15:00","date_gmt":"2018-09-26T08:15:00","guid":{"rendered":"https:\/\/www.almega.se\/?p=19009"},"modified":"2022-03-28T11:09:41","modified_gmt":"2022-03-28T09:09:41","slug":"forbattrad-lonestatistik-fastighetsbranschen","status":"publish","type":"post","link":"https:\/\/www.almega.se\/2018\/09\/forbattrad-lonestatistik-fastighetsbranschen\/","title":{"rendered":"F\u00f6rb\u00e4ttrad l\u00f6nestatistik f\u00f6r Fastighets&shy;branschen"},"content":{"rendered":"\n<p class=\"intro\">I dagarna kommer ni att f\u00e5 ett brev fr\u00e5n Svenskt N\u00e4ringsliv med information om den \u00e5rliga insamlingen av era anst\u00e4lldas l\u00f6ner mm. F\u00f6r mindre f\u00f6retag beror det p\u00e5 antalet anst\u00e4llda om ni ing\u00e5r i insamlingen eller ej.<\/p>\n<p>Inom ramen f\u00f6r Fastighetsbranschen sker ett arbete med m\u00e5l att f\u00e5 ut s\u00e5 bra statistik som m\u00f6jligt. Arbetet sker inom ramen f\u00f6r Fastighetsarbetsgivarnas personalchefsutskott.<\/p>\n<p>Vi vill av den anledningen p\u00e5minna om de branschunika yrkeskoder (NYK koderna) som vi tagit fram f\u00f6r vissa roller inom branschen. Ni hittar en kort sammanst\u00e4llning h\u00e4r nedan. Mer information om ansvar och utbildning p\u00e5 en del av tj\u00e4nsterna hittar ni p\u00e5 <a href=\"http:\/\/www.nyk14.se\" target=\"_blank\" rel=\"noopener\">www.nyk14.se<\/a><u>. <\/u><\/p>\n<p>Ni som f\u00f6retag har p\u00e5 er till och med mitten av november att rapportera in era l\u00f6nedata till Svenskt N\u00e4ringsliv. Beh\u00f6ver ni hj\u00e4lp med inrapporteringen eller har fr\u00e5gor kring den finns en support som n\u00e5s p\u00e5:<br \/>\n<a href=\"mailto:support.lonestatistik@svensktnaringsliv.se\" target=\"_blank\" rel=\"noopener\">support.lonestatistik@svensktnaringsliv.se<\/a><br \/>\nTel +46 8 50 55 59 50<\/p>\n<p>Inrapportering av ert f\u00f6retags l\u00f6nedata sker via <a href=\"http:\/\/www.nstat.se\" target=\"_blank\" rel=\"noopener\">www.nstat.se<\/a>. H\u00e4r finns ocks\u00e5 annan matnyttig information om insamlingen, yrkeskoder, hantering enligt GDPR mm.<\/p>\n<p>Underlaget anv\u00e4nder vi bland annat till att g\u00f6ra en branschunik MLI (marknadsl\u00f6neinformation) som vi publicerar i <a href=\"https:\/\/www.arbetsgivarguiden.se\/\" target=\"_blank\" rel=\"noopener\">Arbetsgivarguiden<\/a>\u00a0(inloggning kr\u00e4vs). Ni som medlemsf\u00f6retag f\u00e5r i brevet fr\u00e5n Svenskt N\u00e4ringsliv en egen inloggning som anv\u00e4nds f\u00f6r inrapportering av l\u00f6nestatistiken, och som ocks\u00e5 kan anv\u00e4ndas senare fr\u00e5n och med 1 februari f\u00f6r att logga in och ta del av marknadsl\u00f6nestatistik.<\/p>\n<p>Inrapporteringen sker \u00e5rligen d\u00e4r arbetsgivarna sammanst\u00e4ller uppgifter om era medarbetares yrken och l\u00f6ner p\u00e5 uppdrag av arbetsgivarf\u00f6rbunden och Svenskt N\u00e4ringsliv. Statistiken \u00e4r ett effektivt arbetsgivarverktyg vid l\u00f6nediskussioner och era uppgifter utg\u00f6r ocks\u00e5 ett underlag till SCB:s officiella l\u00f6nestatistik f\u00f6r landet.<\/p>\n<p>Grunden f\u00f6r statistiken \u00e4r att varje yrke har en kod. Det officiella namnet \u00e4r N\u00e4ringslivets Yrkesklassifikation (NYK).<\/p>\n<p>F\u00f6r er som arbetar med inrapportering s\u00e5 vill vi kort beskriva skillnaden mellan NYK koder och SSYK koder. NYK-koden \u00e4r sexsiffrig kod d\u00e4r de f\u00f6rsta 4 siffrorna \u00e4r SSYK koden. (<a href=\"http:\/\/www.scb.se\/dokumentation\/klassifikationer-och-standarder\/standard-for-svensk-yrkesklassificering-ssyk\/\" target=\"_blank\" rel=\"noopener\">Standard f\u00f6r svensk yrkesklassificering &#8211; SCB<\/a>) samt tv\u00e5 ytterligare siffror som g\u00f6r att vi som bransch kan best\u00e4mma djupare definitioner av vissa yrkeskategorier.<\/p>\n<h3>Branschunika yrkeskoder (NYC-koder)<\/h3>\n<table style=\"width: 832px\">\n<tbody>\n<tr>\n<td style=\"width: 95px\"><strong>Kod<\/strong><\/td>\n<td style=\"width: 182px\"><strong>Text<\/strong><\/td>\n<td style=\"width: 228.667px\"><strong>Beskrivning<\/strong><\/td>\n<td style=\"width: 324.333px\"><strong>Arbetsuppgifter<\/strong><\/td>\n<\/tr>\n<tr>\n<td style=\"width: 95px\">311305<\/td>\n<td style=\"width: 182px\">Fastighetsarbetare E &#8211; el<\/td>\n<td style=\"width: 228.667px\"><\/td>\n<td style=\"width: 324.333px\">Utf\u00f6r tekniskt arbete i samband med reparationer av fastigheter, huvudsakligen inom el.<\/td>\n<\/tr>\n<tr>\n<td style=\"width: 95px\">311310<\/td>\n<td style=\"width: 182px\">Fastighetsarbetare G &#8211; el<\/td>\n<td style=\"width: 228.667px\">Arbetande f\u00f6rm\u00e4n och\/eller arbetare.<\/td>\n<td style=\"width: 324.333px\">Utf\u00f6r kvalificerat tekniskt arbete enligt g\u00e4llande beh\u00f6righetskrav i samband med drift, reparation- och underh\u00e5ll av fastigheter, huvudsakligen inom el.<\/td>\n<\/tr>\n<tr>\n<td style=\"width: 95px\">311420<\/td>\n<td style=\"width: 182px\">Fastighetsarbetare E &#8211; VVS med v\u00e4rme<\/td>\n<td style=\"width: 228.667px\">Bitr\u00e4dande konstrukt\u00f6rer och projekt\u00f6rer.<\/td>\n<td style=\"width: 324.333px\">Utf\u00f6r tekniskt arbete i samband med reparationer av fastigheter, huvudsakligen inom VVS och v\u00e4rme.<\/td>\n<\/tr>\n<tr>\n<td style=\"width: 95px\">311425<\/td>\n<td style=\"width: 182px\">Fastighetsarbetare G &#8211; VVS med v\u00e4rme<\/td>\n<td style=\"width: 228.667px\">Arbetande f\u00f6rm\u00e4n och\/eller arbetare.<\/td>\n<td style=\"width: 324.333px\">Utf\u00f6r kvalificerat tekniskt arbete enligt g\u00e4llande beh\u00f6righetskrav i samband med drift, reparation- och underh\u00e5ll av fastigheter, huvudsakligen inom VVS med v\u00e4rme.<\/td>\n<\/tr>\n<tr>\n<td style=\"width: 95px\">311910<\/td>\n<td style=\"width: 182px\">Fastighetsarbetare F<\/td>\n<td style=\"width: 228.667px\">Fastighetstekniker\/specialister.<\/td>\n<td style=\"width: 324.333px\">Ansvarar f\u00f6r drift, underh\u00e5ll och sk\u00f6tsel av fastighetens tekniska system.<\/td>\n<\/tr>\n<tr>\n<td style=\"width: 95px\">333405<\/td>\n<td style=\"width: 182px\">Bostadsuthyrare<\/td>\n<td style=\"width: 228.667px\"><\/td>\n<td style=\"width: 324.333px\">H\u00e5ller kontakt med hyresg\u00e4ster, tar hand om intresseanm\u00e4lningar och genomf\u00f6r visningar. Skriver och s\u00e4ger upp hyreskontrakt.<\/td>\n<\/tr>\n<tr>\n<td style=\"width: 95px\">333410<\/td>\n<td style=\"width: 182px\">Uthyrare av kommersiella lokaler<\/td>\n<td style=\"width: 228.667px\"><\/td>\n<td style=\"width: 324.333px\">Visar aff\u00e4rs- och industrilokaler och genomf\u00f6r marknadsaktiviteter. Tar fram arkitektskisser och hyresofferter. Kontaktar nya kunder och uppr\u00e4tth\u00e5ller kundregister. F\u00f6rhandlar och sk\u00f6ter kundkontakter p\u00e5 vd-niv\u00e5. Tecknar hyreskontrakt.<\/td>\n<\/tr>\n<tr>\n<td style=\"width: 95px\">333505<\/td>\n<td style=\"width: 182px\">Fastighetsf\u00f6rvaltare<\/td>\n<td style=\"width: 228.667px\"><\/td>\n<td style=\"width: 324.333px\">F\u00f6rhandlar om hyror samt ansvarar f\u00f6r ekonomiska kalkyler och uppr\u00e4ttar kontrakt. Tar in och granskar offerter. Har ansvar f\u00f6r ekonomi och administration.<\/td>\n<\/tr>\n<tr>\n<td style=\"width: 95px\">333510<\/td>\n<td style=\"width: 182px\">Teknisk f\u00f6rvaltare<\/td>\n<td style=\"width: 228.667px\"><\/td>\n<td style=\"width: 324.333px\">Besiktigar fastigheter och skriver underh\u00e5llsplaner. Planerar driften av fastigheter. Tar in och granskar offerter.<\/td>\n<\/tr>\n<tr>\n<td style=\"width: 95px\">422210<\/td>\n<td style=\"width: 182px\">Fastighetsarbetare D<\/td>\n<td style=\"width: 228.667px\">Fastighetsv\u00e4rdar.<\/td>\n<td style=\"width: 324.333px\">Ser till att hyresg\u00e4sterna k\u00e4nner sig n\u00f6jda och trygga. Representerar fastighets\u00e4garen och har budgetansvar f\u00f6r eget omr\u00e5de.<\/td>\n<\/tr>\n<tr>\n<td style=\"width: 95px\">515205<\/td>\n<td style=\"width: 182px\">Fastighetsarbetare C<\/td>\n<td style=\"width: 228.667px\"><\/td>\n<td style=\"width: 324.333px\">\u00d6vervakar, sk\u00f6ter och underh\u00e5ller fastigheters inre och yttre milj\u00f6. Kontrollerar ventilations- och v\u00e4rmeanl\u00e4ggningar. Utf\u00f6r mindre reparationer.<\/td>\n<\/tr>\n<tr>\n<td style=\"width: 95px\">911115<\/td>\n<td style=\"width: 182px\">Fastighetsarbetare A<\/td>\n<td style=\"width: 228.667px\"><\/td>\n<td style=\"width: 324.333px\">Har som huvudsaklig uppgift att st\u00e4da och reng\u00f6ra lokaler.<\/td>\n<\/tr>\n<tr>\n<td style=\"width: 95px\">961040<\/td>\n<td style=\"width: 182px\">Fastighetsarbetare B<\/td>\n<td style=\"width: 228.667px\"><\/td>\n<td style=\"width: 324.333px\">Har som huvudsaklig uppgift att sk\u00f6ta ytteromr\u00e5den, hantera sopor, st\u00e4da k\u00e4llare m.m.<\/td>\n<\/tr>\n<\/tbody>\n<\/table>\n\n","protected":false},"excerpt":{"rendered":"<p>I dagarna kommer ni att f\u00e5 ett brev fr\u00e5n Svenskt N\u00e4ringsliv med information om den \u00e5rliga insamlingen av era anst\u00e4lldas l\u00f6ner mm. F\u00f6r mindre f\u00f6retag beror det p\u00e5 antalet anst\u00e4llda om ni ing\u00e5r i insamlingen &hellip;<\/p>\n","protected":false},"author":89,"featured_media":0,"comment_status":"closed","ping_status":"open","sticky":false,"template":"","format":"standard","meta":{"_acf_changed":false,"footnotes":""},"categories":[1],"tags":[],"article_type":[313],"agreement":[140,142,141,143,145,144],"class_list":["post-19009","post","type-post","status-publish","format-standard","hentry","category-okategoriserade","type-arbetsgivarnytt","agreement-6fce80f7-ff07-de11-b4e1-02bf9e69ca65","agreement-72ce80f7-ff07-de11-b4e1-02bf9e69ca65","agreement-6ece80f7-ff07-de11-b4e1-02bf9e69ca65","agreement-71ce80f7-ff07-de11-b4e1-02bf9e69ca65","agreement-74ce80f7-ff07-de11-b4e1-02bf9e69ca65","agreement-70ce80f7-ff07-de11-b4e1-02bf9e69ca65"],"acf":[],"yoast_head":"<!-- This site is optimized with the Yoast SEO Premium plugin v26.8 (Yoast SEO v26.8) - https:\/\/yoast.com\/product\/yoast-seo-premium-wordpress\/ -->\n<title>F\u00f6rb\u00e4ttrad l\u00f6nestatistik f\u00f6r Fastighetsbranschen | Almega<\/title>\n<meta name=\"robots\" content=\"index, follow, max-snippet:-1, max-image-preview:large, max-video-preview:-1\" \/>\n<link rel=\"canonical\" href=\"https:\/\/www.almega.se\/2018\/09\/forbattrad-lonestatistik-fastighetsbranschen\/\" \/>\n<meta property=\"og:locale\" content=\"sv_SE\" \/>\n<meta property=\"og:type\" content=\"article\" \/>\n<meta property=\"og:title\" content=\"F\u00f6rb\u00e4ttrad l\u00f6nestatistik f\u00f6r Fastighetsbranschen\" \/>\n<meta property=\"og:description\" content=\"I dagarna kommer ni att f\u00e5 ett brev fr\u00e5n Svenskt N\u00e4ringsliv med information om den \u00e5rliga insamlingen av era anst\u00e4lldas l\u00f6ner mm. F\u00f6r mindre f\u00f6retag beror det p\u00e5 antalet anst\u00e4llda om ni ing\u00e5r i insamlingen &hellip;\" \/>\n<meta property=\"og:url\" content=\"https:\/\/www.almega.se\/2018\/09\/forbattrad-lonestatistik-fastighetsbranschen\/\" \/>\n<meta property=\"og:site_name\" content=\"Almega\" \/>\n<meta property=\"article:published_time\" content=\"2018-09-26T08:15:00+00:00\" \/>\n<meta property=\"article:modified_time\" content=\"2022-03-28T09:09:41+00:00\" \/>\n<meta property=\"og:image\" content=\"https:\/\/www.almega.se\/app\/uploads\/2020\/12\/almega-share-logo.png\" \/>\n\t<meta property=\"og:image:width\" content=\"1200\" \/>\n\t<meta property=\"og:image:height\" content=\"630\" \/>\n\t<meta property=\"og:image:type\" content=\"image\/png\" \/>\n<meta name=\"author\" content=\"Lena Martinell \u00c5kerblom\" \/>\n<meta name=\"twitter:card\" content=\"summary_large_image\" \/>\n<meta name=\"twitter:label1\" content=\"Skriven av\" \/>\n\t<meta name=\"twitter:data1\" content=\"Lena Martinell \u00c5kerblom\" \/>\n\t<meta name=\"twitter:label2\" content=\"Ber\u00e4knad l\u00e4stid\" \/>\n\t<meta name=\"twitter:data2\" content=\"4 minuter\" \/>\n<!-- \/ Yoast SEO Premium plugin. -->","yoast_head_json":{"title":"F\u00f6rb\u00e4ttrad l\u00f6nestatistik f\u00f6r Fastighetsbranschen | Almega","robots":{"index":"index","follow":"follow","max-snippet":"max-snippet:-1","max-image-preview":"max-image-preview:large","max-video-preview":"max-video-preview:-1"},"canonical":"https:\/\/www.almega.se\/2018\/09\/forbattrad-lonestatistik-fastighetsbranschen\/","og_locale":"sv_SE","og_type":"article","og_title":"F\u00f6rb\u00e4ttrad l\u00f6nestatistik f\u00f6r Fastighetsbranschen","og_description":"I dagarna kommer ni att f\u00e5 ett brev fr\u00e5n Svenskt N\u00e4ringsliv med information om den \u00e5rliga insamlingen av era anst\u00e4lldas l\u00f6ner mm. F\u00f6r mindre f\u00f6retag beror det p\u00e5 antalet anst\u00e4llda om ni ing\u00e5r i insamlingen &hellip;","og_url":"https:\/\/www.almega.se\/2018\/09\/forbattrad-lonestatistik-fastighetsbranschen\/","og_site_name":"Almega","article_published_time":"2018-09-26T08:15:00+00:00","article_modified_time":"2022-03-28T09:09:41+00:00","og_image":[{"width":1200,"height":630,"url":"https:\/\/www.almega.se\/app\/uploads\/2020\/12\/almega-share-logo.png","type":"image\/png"}],"author":"Lena Martinell \u00c5kerblom","twitter_card":"summary_large_image","twitter_misc":{"Skriven av":"Lena Martinell \u00c5kerblom","Ber\u00e4knad l\u00e4stid":"4 minuter"},"schema":{"@context":"https:\/\/schema.org","@graph":[{"@type":"NewsArticle","@id":"https:\/\/www.almega.se\/2018\/09\/forbattrad-lonestatistik-fastighetsbranschen\/#article","isPartOf":{"@id":"https:\/\/www.almega.se\/2018\/09\/forbattrad-lonestatistik-fastighetsbranschen\/"},"author":{"name":"Lena Martinell \u00c5kerblom","@id":"https:\/\/www.almega.se\/#\/schema\/person\/be1f5c450f9fd79fd3ce7cee9c56d246"},"headline":"F\u00f6rb\u00e4ttrad l\u00f6nestatistik f\u00f6r Fastighets&shy;branschen","datePublished":"2018-09-26T08:15:00+00:00","dateModified":"2022-03-28T09:09:41+00:00","mainEntityOfPage":{"@id":"https:\/\/www.almega.se\/2018\/09\/forbattrad-lonestatistik-fastighetsbranschen\/"},"wordCount":734,"inLanguage":"sv-SE"},{"@type":"WebPage","@id":"https:\/\/www.almega.se\/2018\/09\/forbattrad-lonestatistik-fastighetsbranschen\/","url":"https:\/\/www.almega.se\/2018\/09\/forbattrad-lonestatistik-fastighetsbranschen\/","name":"F\u00f6rb\u00e4ttrad l\u00f6nestatistik f\u00f6r Fastighetsbranschen | Almega","isPartOf":{"@id":"https:\/\/www.almega.se\/#website"},"datePublished":"2018-09-26T08:15:00+00:00","dateModified":"2022-03-28T09:09:41+00:00","author":{"@id":"https:\/\/www.almega.se\/#\/schema\/person\/be1f5c450f9fd79fd3ce7cee9c56d246"},"breadcrumb":{"@id":"https:\/\/www.almega.se\/2018\/09\/forbattrad-lonestatistik-fastighetsbranschen\/#breadcrumb"},"inLanguage":"sv-SE","potentialAction":[{"@type":"ReadAction","target":["https:\/\/www.almega.se\/2018\/09\/forbattrad-lonestatistik-fastighetsbranschen\/"]}]},{"@type":"BreadcrumbList","@id":"https:\/\/www.almega.se\/2018\/09\/forbattrad-lonestatistik-fastighetsbranschen\/#breadcrumb","itemListElement":[{"@type":"ListItem","position":1,"name":"Home","item":"https:\/\/www.almega.se\/"},{"@type":"ListItem","position":2,"name":"F\u00f6rb\u00e4ttrad l\u00f6nestatistik f\u00f6r Fastighets&shy;branschen"}]},{"@type":"WebSite","@id":"https:\/\/www.almega.se\/#website","url":"https:\/\/www.almega.se\/","name":"Almega","description":"","potentialAction":[{"@type":"SearchAction","target":{"@type":"EntryPoint","urlTemplate":"https:\/\/www.almega.se\/?s={search_term_string}"},"query-input":{"@type":"PropertyValueSpecification","valueRequired":true,"valueName":"search_term_string"}}],"inLanguage":"sv-SE"},{"@type":"Person","@id":"https:\/\/www.almega.se\/#\/schema\/person\/be1f5c450f9fd79fd3ce7cee9c56d246","name":"Lena Martinell \u00c5kerblom","image":{"@type":"ImageObject","inLanguage":"sv-SE","@id":"https:\/\/www.almega.se\/#\/schema\/person\/image\/","url":"https:\/\/secure.gravatar.com\/avatar\/6b96f0f959d0411120737c5f1f1bb551e7f38fe13ddbaab86a1108e9f0051c53?s=96&d=mm&r=g","contentUrl":"https:\/\/secure.gravatar.com\/avatar\/6b96f0f959d0411120737c5f1f1bb551e7f38fe13ddbaab86a1108e9f0051c53?s=96&d=mm&r=g","caption":"Lena Martinell \u00c5kerblom"},"description":"Lena \u00e4r team leader f\u00f6r administrat\u00f6rerna inom Arbetsgivarservice p\u00e5 Almega i Stockholm.","url":"https:\/\/www.almega.se\/person\/lenamartinellakerblom\/"}]}},"_links":{"self":[{"href":"https:\/\/www.almega.se\/api\/wp\/v2\/posts\/19009","targetHints":{"allow":["GET"]}}],"collection":[{"href":"https:\/\/www.almega.se\/api\/wp\/v2\/posts"}],"about":[{"href":"https:\/\/www.almega.se\/api\/wp\/v2\/types\/post"}],"author":[{"embeddable":true,"href":"https:\/\/www.almega.se\/api\/wp\/v2\/users\/89"}],"replies":[{"embeddable":true,"href":"https:\/\/www.almega.se\/api\/wp\/v2\/comments?post=19009"}],"version-history":[{"count":0,"href":"https:\/\/www.almega.se\/api\/wp\/v2\/posts\/19009\/revisions"}],"wp:attachment":[{"href":"https:\/\/www.almega.se\/api\/wp\/v2\/media?parent=19009"}],"wp:term":[{"taxonomy":"category","embeddable":true,"href":"https:\/\/www.almega.se\/api\/wp\/v2\/categories?post=19009"},{"taxonomy":"post_tag","embeddable":true,"href":"https:\/\/www.almega.se\/api\/wp\/v2\/tags?post=19009"},{"taxonomy":"type","embeddable":true,"href":"https:\/\/www.almega.se\/api\/wp\/v2\/article_type?post=19009"},{"taxonomy":"agreement","embeddable":true,"href":"https:\/\/www.almega.se\/api\/wp\/v2\/agreement?post=19009"}],"curies":[{"name":"wp","href":"https:\/\/api.w.org\/{rel}","templated":true}]}}