{"id":18200,"date":"2018-06-20T11:28:12","date_gmt":"2018-06-20T09:28:12","guid":{"rendered":"https:\/\/www.almega.se\/?p=18200"},"modified":"2022-12-20T16:11:49","modified_gmt":"2022-12-20T15:11:49","slug":"almegas-tjansteindikator-q2-2018-tjansteindikatorn-pekar-fortsatt-nedat","status":"publish","type":"post","link":"https:\/\/www.almega.se\/2018\/06\/almegas-tjansteindikator-q2-2018-tjansteindikatorn-pekar-fortsatt-nedat\/","title":{"rendered":"Almegas Tj\u00e4nsteindikator Q2 2018: Tj\u00e4nste&shy;indikatorn pekar fortsatt ned\u00e5t"},"content":{"rendered":"\n<p class=\"intro\">Den privata tj\u00e4nstesektorns produktionstillv\u00e4xt blir svagare under \u00e5rets andra kvartal enligt Almegas tj\u00e4nsteindikator. Den har ocks\u00e5 tidigare indikerat att tillv\u00e4xttoppen passerades under f\u00f6rra \u00e5ret, vilket ocks\u00e5 visat sig i den faktiska utvecklingen enligt tj\u00e4nsteproduktionsindex. Den avmattning som tj\u00e4nsteindikatorn indikerar tyder p\u00e5 kapacitetsbrist och inte p\u00e5 en svagare konjunktur eftersom efterfr\u00e5gan f\u00f6r flertalet tj\u00e4nstebranscher \u00e4r fortsatt stark.<\/p>\n<p>\u00c4ven om tj\u00e4nstesektorn passerade en topp f\u00f6r tillv\u00e4xten under f\u00f6rra \u00e5ret, l\u00e5g tillv\u00e4xten p\u00e5 hyggliga 2,8 procent under f\u00f6rsta kvartalet i \u00e5r. St\u00f6rst bidrag till denna \u00f6kning kom \u00e5terigen fr\u00e5n f\u00f6retag inom branscher som s\u00e4ljer tj\u00e4nster till i f\u00f6rsta hand f\u00f6retag, s\u00e5som datakonsulter och telekomf\u00f6retag, samt inom juridik, ekonomi, vetenskap och teknik, bemanningsf\u00f6retag, fastighetsservice, s\u00e4kerhetstj\u00e4nster, resetj\u00e4nster med flera. Dessa bidrog sammantaget med drygt 3\/4 av tillv\u00e4xten i den privata tj\u00e4nstesektorn under f\u00f6rsta kvartalet.<\/p>\n<p>Det kan tyckas vara en g\u00e5ta att tillv\u00e4xten inom f\u00f6retagstj\u00e4nster kan forts\u00e4tta h\u00e5llas uppe s\u00e5 v\u00e4l samtidigt som en stor andel av f\u00f6retagen rapporterar brist p\u00e5 personal, vilket h\u00e4mmar tillv\u00e4xten. Under de senaste \u00e5ren m\u00e4rks en trend av \u00f6kad import av tj\u00e4nster som insats i b\u00e5de tj\u00e4nste- och varuproducerande branscher, vilket kan vara en f\u00f6rklaring varf\u00f6r tillv\u00e4xten trots allt h\u00e5lls uppe. S\u00e4rskilt importen av datatj\u00e4nster har \u00f6kat markant under de senaste \u00e5ren, med n\u00e4ra en tredubbling j\u00e4mf\u00f6rt med \u00e5r 2010.<\/p>\n<p>Almegas arbetsmarknadsindikator tyder p\u00e5 att syssels\u00e4ttningstillv\u00e4xten i den privata tj\u00e4nstesektorn kommer att b\u00f6rja avta under andra kvartalet i \u00e5r. Den upp\u00e5tg\u00e5ende trenden f\u00f6r indikatorn fr\u00e5n 2014 har d\u00e4rmed brutits. Det g\u00e5r allt l\u00e5ngsammare f\u00f6r f\u00f6retagen att hitta den kompetens de s\u00f6ker vilket bromsar \u00f6kningstakten f\u00f6r syssels\u00e4ttningen. Antalet lediga jobb fortsatte att \u00f6ka under \u00e5rets f\u00f6rsta kvartal. En \u00f6verv\u00e4gande andel av de lediga jobben finns inom tj\u00e4nstesektorn varav cirka 60 procent inom kunskapsintensiva branscher.<\/p>\n<p>De privata tj\u00e4nstef\u00f6retagen har tydligt fortsatt sv\u00e5rt att h\u00f6ja sina f\u00f6rs\u00e4ljningspriser i n\u00e5gon st\u00f6rre utstr\u00e4ckning men pris\u00f6kningstakten kan v\u00e4ntas ta n\u00e5got mer fart under andra kvartalet enligt Almegas prisindikator. Pris\u00f6kningstakten \u00e4r dock l\u00e5ngt ifr\u00e5n den som uppm\u00e4ttes perioden f\u00f6re finanskrisen 2009. De privata tj\u00e4nstef\u00f6retagen deltar i allt st\u00f6rre utstr\u00e4ckning i produktion l\u00e4ngs globala v\u00e4rdekedjor. Den \u00f6kade konkurrensen det leder till l\u00e4mnar ett mindre utrymme f\u00f6r h\u00f6jda f\u00f6rs\u00e4ljningspriser, trots det starka efterfr\u00e5gel\u00e4get. \u00c4ven tj\u00e4nstepriserna i KPI p\u00e5verkas, men i n\u00e5got l\u00e4gre utstr\u00e4ckning.<\/p>\n<p><a href=\"https:\/\/www.almega.se\/app\/uploads\/2018\/06\/tjansteindikatorn_q2_2018_180619.pdf\" target=\"_blank\" rel=\"noopener\">L\u00e4s hela rapporten<\/a>\n","protected":false},"excerpt":{"rendered":"<p>Den privata tj\u00e4nstesektorns produktionstillv\u00e4xt blir svagare under \u00e5rets andra kvartal enligt Almegas tj\u00e4nsteindikator. Den har ocks\u00e5 tidigare indikerat att tillv\u00e4xttoppen passerades under f\u00f6rra \u00e5ret, vilket ocks\u00e5 visat sig i den faktiska utvecklingen enligt tj\u00e4nsteproduktionsindex. Den &hellip;<\/p>\n","protected":false},"author":3,"featured_media":18202,"comment_status":"closed","ping_status":"open","sticky":false,"template":"","format":"standard","meta":{"_acf_changed":false,"footnotes":""},"categories":[581],"tags":[50],"article_type":[42],"agreement":[],"class_list":["post-18200","post","type-post","status-publish","format-standard","has-post-thumbnail","hentry","category-tjanstesektorns-betydelse","tag-tjanstesektorns-utveckling","type-rapporter"],"acf":[],"yoast_head":"<!-- This site is optimized with the Yoast SEO Premium plugin v26.8 (Yoast SEO v26.8) - https:\/\/yoast.com\/product\/yoast-seo-premium-wordpress\/ -->\n<title>Almegas Tj\u00e4nsteindikator Q2 2018: Tj\u00e4nsteindikatorn pekar fortsatt ned\u00e5t | Almega<\/title>\n<meta name=\"robots\" content=\"index, follow, max-snippet:-1, max-image-preview:large, max-video-preview:-1\" \/>\n<link rel=\"canonical\" href=\"https:\/\/www.almega.se\/2018\/06\/almegas-tjansteindikator-q2-2018-tjansteindikatorn-pekar-fortsatt-nedat\/\" \/>\n<meta property=\"og:locale\" content=\"sv_SE\" \/>\n<meta property=\"og:type\" content=\"article\" \/>\n<meta property=\"og:title\" content=\"Almegas Tj\u00e4nsteindikator Q2 2018: Tj\u00e4nsteindikatorn pekar fortsatt ned\u00e5t\" \/>\n<meta property=\"og:description\" content=\"Den privata tj\u00e4nstesektorns produktionstillv\u00e4xt blir svagare under \u00e5rets andra kvartal enligt Almegas tj\u00e4nsteindikator. Den har ocks\u00e5 tidigare indikerat att tillv\u00e4xttoppen passerades under f\u00f6rra \u00e5ret, vilket ocks\u00e5 visat sig i den faktiska utvecklingen enligt tj\u00e4nsteproduktionsindex. Den &hellip;\" \/>\n<meta property=\"og:url\" content=\"https:\/\/www.almega.se\/2018\/06\/almegas-tjansteindikator-q2-2018-tjansteindikatorn-pekar-fortsatt-nedat\/\" \/>\n<meta property=\"og:site_name\" content=\"Almega\" \/>\n<meta property=\"article:published_time\" content=\"2018-06-20T09:28:12+00:00\" \/>\n<meta property=\"article:modified_time\" content=\"2022-12-20T15:11:49+00:00\" \/>\n<meta property=\"og:image\" content=\"https:\/\/www.almega.se\/app\/uploads\/2018\/06\/bryan-minear-325881-unsplash-1180x771.jpg\" \/>\n\t<meta property=\"og:image:width\" content=\"1180\" \/>\n\t<meta property=\"og:image:height\" content=\"771\" \/>\n\t<meta property=\"og:image:type\" content=\"image\/jpeg\" \/>\n<meta name=\"author\" content=\"Julia Schwamberg\" \/>\n<meta name=\"twitter:card\" content=\"summary_large_image\" \/>\n<meta name=\"twitter:label1\" content=\"Skriven av\" \/>\n\t<meta name=\"twitter:data1\" content=\"Julia Schwamberg\" \/>\n\t<meta name=\"twitter:label2\" content=\"Ber\u00e4knad l\u00e4stid\" \/>\n\t<meta name=\"twitter:data2\" content=\"2 minuter\" \/>\n<!-- \/ Yoast SEO Premium plugin. -->","yoast_head_json":{"title":"Almegas Tj\u00e4nsteindikator Q2 2018: Tj\u00e4nsteindikatorn pekar fortsatt ned\u00e5t | Almega","robots":{"index":"index","follow":"follow","max-snippet":"max-snippet:-1","max-image-preview":"max-image-preview:large","max-video-preview":"max-video-preview:-1"},"canonical":"https:\/\/www.almega.se\/2018\/06\/almegas-tjansteindikator-q2-2018-tjansteindikatorn-pekar-fortsatt-nedat\/","og_locale":"sv_SE","og_type":"article","og_title":"Almegas Tj\u00e4nsteindikator Q2 2018: Tj\u00e4nsteindikatorn pekar fortsatt ned\u00e5t","og_description":"Den privata tj\u00e4nstesektorns produktionstillv\u00e4xt blir svagare under \u00e5rets andra kvartal enligt Almegas tj\u00e4nsteindikator. Den har ocks\u00e5 tidigare indikerat att tillv\u00e4xttoppen passerades under f\u00f6rra \u00e5ret, vilket ocks\u00e5 visat sig i den faktiska utvecklingen enligt tj\u00e4nsteproduktionsindex. Den &hellip;","og_url":"https:\/\/www.almega.se\/2018\/06\/almegas-tjansteindikator-q2-2018-tjansteindikatorn-pekar-fortsatt-nedat\/","og_site_name":"Almega","article_published_time":"2018-06-20T09:28:12+00:00","article_modified_time":"2022-12-20T15:11:49+00:00","og_image":[{"width":1180,"height":771,"url":"https:\/\/www.almega.se\/app\/uploads\/2018\/06\/bryan-minear-325881-unsplash-1180x771.jpg","type":"image\/jpeg"}],"author":"Julia Schwamberg","twitter_card":"summary_large_image","twitter_misc":{"Skriven av":"Julia Schwamberg","Ber\u00e4knad l\u00e4stid":"2 minuter"},"schema":{"@context":"https:\/\/schema.org","@graph":[{"@type":"NewsArticle","@id":"https:\/\/www.almega.se\/2018\/06\/almegas-tjansteindikator-q2-2018-tjansteindikatorn-pekar-fortsatt-nedat\/#article","isPartOf":{"@id":"https:\/\/www.almega.se\/2018\/06\/almegas-tjansteindikator-q2-2018-tjansteindikatorn-pekar-fortsatt-nedat\/"},"author":{"name":"Julia Schwamberg","@id":"https:\/\/www.almega.se\/#\/schema\/person\/efcc735e9c1ba0f9de79e69dc5be5f8a"},"headline":"Almegas Tj\u00e4nsteindikator Q2 2018: Tj\u00e4nste&shy;indikatorn pekar fortsatt ned\u00e5t","datePublished":"2018-06-20T09:28:12+00:00","dateModified":"2022-12-20T15:11:49+00:00","mainEntityOfPage":{"@id":"https:\/\/www.almega.se\/2018\/06\/almegas-tjansteindikator-q2-2018-tjansteindikatorn-pekar-fortsatt-nedat\/"},"wordCount":481,"image":{"@id":"https:\/\/www.almega.se\/2018\/06\/almegas-tjansteindikator-q2-2018-tjansteindikatorn-pekar-fortsatt-nedat\/#primaryimage"},"thumbnailUrl":"https:\/\/www.almega.se\/app\/uploads\/2018\/06\/bryan-minear-325881-unsplash.jpg","keywords":["Tj\u00e4nstesektorns utveckling"],"articleSection":["Tj\u00e4nstesektorns betydelse"],"inLanguage":"sv-SE"},{"@type":"WebPage","@id":"https:\/\/www.almega.se\/2018\/06\/almegas-tjansteindikator-q2-2018-tjansteindikatorn-pekar-fortsatt-nedat\/","url":"https:\/\/www.almega.se\/2018\/06\/almegas-tjansteindikator-q2-2018-tjansteindikatorn-pekar-fortsatt-nedat\/","name":"Almegas Tj\u00e4nsteindikator Q2 2018: Tj\u00e4nsteindikatorn pekar fortsatt ned\u00e5t | Almega","isPartOf":{"@id":"https:\/\/www.almega.se\/#website"},"primaryImageOfPage":{"@id":"https:\/\/www.almega.se\/2018\/06\/almegas-tjansteindikator-q2-2018-tjansteindikatorn-pekar-fortsatt-nedat\/#primaryimage"},"image":{"@id":"https:\/\/www.almega.se\/2018\/06\/almegas-tjansteindikator-q2-2018-tjansteindikatorn-pekar-fortsatt-nedat\/#primaryimage"},"thumbnailUrl":"https:\/\/www.almega.se\/app\/uploads\/2018\/06\/bryan-minear-325881-unsplash.jpg","datePublished":"2018-06-20T09:28:12+00:00","dateModified":"2022-12-20T15:11:49+00:00","author":{"@id":"https:\/\/www.almega.se\/#\/schema\/person\/efcc735e9c1ba0f9de79e69dc5be5f8a"},"breadcrumb":{"@id":"https:\/\/www.almega.se\/2018\/06\/almegas-tjansteindikator-q2-2018-tjansteindikatorn-pekar-fortsatt-nedat\/#breadcrumb"},"inLanguage":"sv-SE","potentialAction":[{"@type":"ReadAction","target":["https:\/\/www.almega.se\/2018\/06\/almegas-tjansteindikator-q2-2018-tjansteindikatorn-pekar-fortsatt-nedat\/"]}]},{"@type":"ImageObject","inLanguage":"sv-SE","@id":"https:\/\/www.almega.se\/2018\/06\/almegas-tjansteindikator-q2-2018-tjansteindikatorn-pekar-fortsatt-nedat\/#primaryimage","url":"https:\/\/www.almega.se\/app\/uploads\/2018\/06\/bryan-minear-325881-unsplash.jpg","contentUrl":"https:\/\/www.almega.se\/app\/uploads\/2018\/06\/bryan-minear-325881-unsplash.jpg","width":3999,"height":2613},{"@type":"BreadcrumbList","@id":"https:\/\/www.almega.se\/2018\/06\/almegas-tjansteindikator-q2-2018-tjansteindikatorn-pekar-fortsatt-nedat\/#breadcrumb","itemListElement":[{"@type":"ListItem","position":1,"name":"Home","item":"https:\/\/www.almega.se\/"},{"@type":"ListItem","position":2,"name":"Almegas Tj\u00e4nsteindikator Q2 2018: Tj\u00e4nste&shy;indikatorn pekar fortsatt ned\u00e5t"}]},{"@type":"WebSite","@id":"https:\/\/www.almega.se\/#website","url":"https:\/\/www.almega.se\/","name":"Almega","description":"","potentialAction":[{"@type":"SearchAction","target":{"@type":"EntryPoint","urlTemplate":"https:\/\/www.almega.se\/?s={search_term_string}"},"query-input":{"@type":"PropertyValueSpecification","valueRequired":true,"valueName":"search_term_string"}}],"inLanguage":"sv-SE"},{"@type":"Person","@id":"https:\/\/www.almega.se\/#\/schema\/person\/efcc735e9c1ba0f9de79e69dc5be5f8a","name":"Julia Schwamberg","image":{"@type":"ImageObject","inLanguage":"sv-SE","@id":"https:\/\/www.almega.se\/#\/schema\/person\/image\/","url":"https:\/\/secure.gravatar.com\/avatar\/60ee7d8b8e9aa9b036f4768c0d2e868d8f080bcf68689c0f64ab3b87b1c2f78b?s=96&d=mm&r=g","contentUrl":"https:\/\/secure.gravatar.com\/avatar\/60ee7d8b8e9aa9b036f4768c0d2e868d8f080bcf68689c0f64ab3b87b1c2f78b?s=96&d=mm&r=g","caption":"Julia Schwamberg"},"url":"https:\/\/www.almega.se\/person\/juliaschwamberg\/"}]}},"_links":{"self":[{"href":"https:\/\/www.almega.se\/api\/wp\/v2\/posts\/18200","targetHints":{"allow":["GET"]}}],"collection":[{"href":"https:\/\/www.almega.se\/api\/wp\/v2\/posts"}],"about":[{"href":"https:\/\/www.almega.se\/api\/wp\/v2\/types\/post"}],"author":[{"embeddable":true,"href":"https:\/\/www.almega.se\/api\/wp\/v2\/users\/3"}],"replies":[{"embeddable":true,"href":"https:\/\/www.almega.se\/api\/wp\/v2\/comments?post=18200"}],"version-history":[{"count":1,"href":"https:\/\/www.almega.se\/api\/wp\/v2\/posts\/18200\/revisions"}],"predecessor-version":[{"id":51190,"href":"https:\/\/www.almega.se\/api\/wp\/v2\/posts\/18200\/revisions\/51190"}],"wp:featuredmedia":[{"embeddable":true,"href":"https:\/\/www.almega.se\/api\/wp\/v2\/media\/18202"}],"wp:attachment":[{"href":"https:\/\/www.almega.se\/api\/wp\/v2\/media?parent=18200"}],"wp:term":[{"taxonomy":"category","embeddable":true,"href":"https:\/\/www.almega.se\/api\/wp\/v2\/categories?post=18200"},{"taxonomy":"post_tag","embeddable":true,"href":"https:\/\/www.almega.se\/api\/wp\/v2\/tags?post=18200"},{"taxonomy":"type","embeddable":true,"href":"https:\/\/www.almega.se\/api\/wp\/v2\/article_type?post=18200"},{"taxonomy":"agreement","embeddable":true,"href":"https:\/\/www.almega.se\/api\/wp\/v2\/agreement?post=18200"}],"curies":[{"name":"wp","href":"https:\/\/api.w.org\/{rel}","templated":true}]}}