{"id":18170,"date":"2018-06-19T13:05:18","date_gmt":"2018-06-19T11:05:18","guid":{"rendered":"https:\/\/www.almega.se\/?p=18170"},"modified":"2022-12-20T15:41:03","modified_gmt":"2022-12-20T14:41:03","slug":"en-reformerad-arbetsratt-fler-jobb","status":"publish","type":"post","link":"https:\/\/www.almega.se\/2018\/06\/en-reformerad-arbetsratt-fler-jobb\/","title":{"rendered":"En reformerad arbetsr\u00e4tt f\u00f6r fler jobb"},"content":{"rendered":"Sverige befinner sig just nu i brinnande h\u00f6gkonjunktur och m\u00e5nga f\u00f6retag uppger att de har problem att hitta arbetskraft med r\u00e4tt kompetens. Inom tj\u00e4nstesektorn uppger en stor del av f\u00f6retagen att just kompetensbristen \u00e4r det st\u00f6rsta hindret f\u00f6r dem att expandera. Det kan tyckas att det \u00e4r m\u00e4rkligt att i det l\u00e4get prata om behovet av en reformerad arbetsr\u00e4tt. Men den svenska arbetsr\u00e4tten utg\u00f6r ett hinder f\u00f6r m\u00e5nga f\u00f6retag n\u00e4r det g\u00e4ller att attrahera, beh\u00e5lla och utveckla r\u00e4tt medarbetare samt att snabbt hantera f\u00f6r\u00e4ndringar i vilka tj\u00e4nster och varor som efterfr\u00e5gas.<\/p>\n<p><a href=\"https:\/\/www.almega.se\/app\/uploads\/2018\/06\/almega-en-reformerad-arbetsratt-for-fler-jobb-180615.pdf\" target=\"_blank\" rel=\"noopener\">L\u00e4s rapporten h\u00e4r<\/a>\n","protected":false},"excerpt":{"rendered":"<p>Sverige befinner sig just nu i brinnande h\u00f6gkonjunktur och m\u00e5nga f\u00f6retag uppger att de har problem att hitta arbetskraft med r\u00e4tt kompetens. Inom tj\u00e4nstesektorn uppger en stor del av f\u00f6retagen att just kompetensbristen \u00e4r det &hellip;<\/p>\n","protected":false},"author":3,"featured_media":18171,"comment_status":"closed","ping_status":"open","sticky":false,"template":"","format":"standard","meta":{"_acf_changed":false,"footnotes":""},"categories":[451],"tags":[425],"article_type":[42],"agreement":[],"class_list":["post-18170","post","type-post","status-publish","format-standard","has-post-thumbnail","hentry","category-arbetsgivarfragor","tag-lagen-om-anstallningsskydd-las","type-rapporter"],"acf":[],"yoast_head":"<!-- This site is optimized with the Yoast SEO Premium plugin v26.8 (Yoast SEO v26.8) - https:\/\/yoast.com\/product\/yoast-seo-premium-wordpress\/ -->\n<title>En reformerad arbetsr\u00e4tt f\u00f6r fler jobb | Almega<\/title>\n<meta name=\"robots\" content=\"index, follow, max-snippet:-1, max-image-preview:large, max-video-preview:-1\" \/>\n<link rel=\"canonical\" href=\"https:\/\/www.almega.se\/2018\/06\/en-reformerad-arbetsratt-fler-jobb\/\" \/>\n<meta property=\"og:locale\" content=\"sv_SE\" \/>\n<meta property=\"og:type\" content=\"article\" \/>\n<meta property=\"og:title\" content=\"En reformerad arbetsr\u00e4tt f\u00f6r fler jobb\" \/>\n<meta property=\"og:description\" content=\"Sverige befinner sig just nu i brinnande h\u00f6gkonjunktur och m\u00e5nga f\u00f6retag uppger att de har problem att hitta arbetskraft med r\u00e4tt kompetens. Inom tj\u00e4nstesektorn uppger en stor del av f\u00f6retagen att just kompetensbristen \u00e4r det &hellip;\" \/>\n<meta property=\"og:url\" content=\"https:\/\/www.almega.se\/2018\/06\/en-reformerad-arbetsratt-fler-jobb\/\" \/>\n<meta property=\"og:site_name\" content=\"Almega\" \/>\n<meta property=\"article:published_time\" content=\"2018-06-19T11:05:18+00:00\" \/>\n<meta property=\"article:modified_time\" content=\"2022-12-20T14:41:03+00:00\" \/>\n<meta property=\"og:image\" content=\"https:\/\/www.almega.se\/app\/uploads\/2018\/06\/green-chameleon-21532-unsplash-1180x787.jpg\" \/>\n\t<meta property=\"og:image:width\" content=\"1180\" \/>\n\t<meta property=\"og:image:height\" content=\"787\" \/>\n\t<meta property=\"og:image:type\" content=\"image\/jpeg\" \/>\n<meta name=\"author\" content=\"Julia Schwamberg\" \/>\n<meta name=\"twitter:card\" content=\"summary_large_image\" \/>\n<meta name=\"twitter:label1\" content=\"Skriven av\" \/>\n\t<meta name=\"twitter:data1\" content=\"Julia Schwamberg\" \/>\n\t<meta name=\"twitter:label2\" content=\"Ber\u00e4knad l\u00e4stid\" \/>\n\t<meta name=\"twitter:data2\" content=\"1 minut\" \/>\n<!-- \/ Yoast SEO Premium plugin. -->","yoast_head_json":{"title":"En reformerad arbetsr\u00e4tt f\u00f6r fler jobb | Almega","robots":{"index":"index","follow":"follow","max-snippet":"max-snippet:-1","max-image-preview":"max-image-preview:large","max-video-preview":"max-video-preview:-1"},"canonical":"https:\/\/www.almega.se\/2018\/06\/en-reformerad-arbetsratt-fler-jobb\/","og_locale":"sv_SE","og_type":"article","og_title":"En reformerad arbetsr\u00e4tt f\u00f6r fler jobb","og_description":"Sverige befinner sig just nu i brinnande h\u00f6gkonjunktur och m\u00e5nga f\u00f6retag uppger att de har problem att hitta arbetskraft med r\u00e4tt kompetens. Inom tj\u00e4nstesektorn uppger en stor del av f\u00f6retagen att just kompetensbristen \u00e4r det &hellip;","og_url":"https:\/\/www.almega.se\/2018\/06\/en-reformerad-arbetsratt-fler-jobb\/","og_site_name":"Almega","article_published_time":"2018-06-19T11:05:18+00:00","article_modified_time":"2022-12-20T14:41:03+00:00","og_image":[{"width":1180,"height":787,"url":"https:\/\/www.almega.se\/app\/uploads\/2018\/06\/green-chameleon-21532-unsplash-1180x787.jpg","type":"image\/jpeg"}],"author":"Julia Schwamberg","twitter_card":"summary_large_image","twitter_misc":{"Skriven av":"Julia Schwamberg","Ber\u00e4knad l\u00e4stid":"1 minut"},"schema":{"@context":"https:\/\/schema.org","@graph":[{"@type":"NewsArticle","@id":"https:\/\/www.almega.se\/2018\/06\/en-reformerad-arbetsratt-fler-jobb\/#article","isPartOf":{"@id":"https:\/\/www.almega.se\/2018\/06\/en-reformerad-arbetsratt-fler-jobb\/"},"author":{"name":"Julia Schwamberg","@id":"https:\/\/www.almega.se\/#\/schema\/person\/efcc735e9c1ba0f9de79e69dc5be5f8a"},"headline":"En reformerad arbetsr\u00e4tt f\u00f6r fler jobb","datePublished":"2018-06-19T11:05:18+00:00","dateModified":"2022-12-20T14:41:03+00:00","mainEntityOfPage":{"@id":"https:\/\/www.almega.se\/2018\/06\/en-reformerad-arbetsratt-fler-jobb\/"},"wordCount":128,"image":{"@id":"https:\/\/www.almega.se\/2018\/06\/en-reformerad-arbetsratt-fler-jobb\/#primaryimage"},"thumbnailUrl":"https:\/\/www.almega.se\/app\/uploads\/2018\/06\/green-chameleon-21532-unsplash.jpg","keywords":["Lagen om anst\u00e4llningsskydd (LAS)"],"articleSection":["Arbetsgivarfr\u00e5gor"],"inLanguage":"sv-SE"},{"@type":"WebPage","@id":"https:\/\/www.almega.se\/2018\/06\/en-reformerad-arbetsratt-fler-jobb\/","url":"https:\/\/www.almega.se\/2018\/06\/en-reformerad-arbetsratt-fler-jobb\/","name":"En reformerad arbetsr\u00e4tt f\u00f6r fler jobb | Almega","isPartOf":{"@id":"https:\/\/www.almega.se\/#website"},"primaryImageOfPage":{"@id":"https:\/\/www.almega.se\/2018\/06\/en-reformerad-arbetsratt-fler-jobb\/#primaryimage"},"image":{"@id":"https:\/\/www.almega.se\/2018\/06\/en-reformerad-arbetsratt-fler-jobb\/#primaryimage"},"thumbnailUrl":"https:\/\/www.almega.se\/app\/uploads\/2018\/06\/green-chameleon-21532-unsplash.jpg","datePublished":"2018-06-19T11:05:18+00:00","dateModified":"2022-12-20T14:41:03+00:00","author":{"@id":"https:\/\/www.almega.se\/#\/schema\/person\/efcc735e9c1ba0f9de79e69dc5be5f8a"},"breadcrumb":{"@id":"https:\/\/www.almega.se\/2018\/06\/en-reformerad-arbetsratt-fler-jobb\/#breadcrumb"},"inLanguage":"sv-SE","potentialAction":[{"@type":"ReadAction","target":["https:\/\/www.almega.se\/2018\/06\/en-reformerad-arbetsratt-fler-jobb\/"]}]},{"@type":"ImageObject","inLanguage":"sv-SE","@id":"https:\/\/www.almega.se\/2018\/06\/en-reformerad-arbetsratt-fler-jobb\/#primaryimage","url":"https:\/\/www.almega.se\/app\/uploads\/2018\/06\/green-chameleon-21532-unsplash.jpg","contentUrl":"https:\/\/www.almega.se\/app\/uploads\/2018\/06\/green-chameleon-21532-unsplash.jpg","width":5184,"height":3456,"caption":"En reformerad arbetsr\u00e4tt f\u00f6r fler jobb"},{"@type":"BreadcrumbList","@id":"https:\/\/www.almega.se\/2018\/06\/en-reformerad-arbetsratt-fler-jobb\/#breadcrumb","itemListElement":[{"@type":"ListItem","position":1,"name":"Home","item":"https:\/\/www.almega.se\/"},{"@type":"ListItem","position":2,"name":"En reformerad arbetsr\u00e4tt f\u00f6r fler jobb"}]},{"@type":"WebSite","@id":"https:\/\/www.almega.se\/#website","url":"https:\/\/www.almega.se\/","name":"Almega","description":"","potentialAction":[{"@type":"SearchAction","target":{"@type":"EntryPoint","urlTemplate":"https:\/\/www.almega.se\/?s={search_term_string}"},"query-input":{"@type":"PropertyValueSpecification","valueRequired":true,"valueName":"search_term_string"}}],"inLanguage":"sv-SE"},{"@type":"Person","@id":"https:\/\/www.almega.se\/#\/schema\/person\/efcc735e9c1ba0f9de79e69dc5be5f8a","name":"Julia Schwamberg","image":{"@type":"ImageObject","inLanguage":"sv-SE","@id":"https:\/\/www.almega.se\/#\/schema\/person\/image\/","url":"https:\/\/secure.gravatar.com\/avatar\/60ee7d8b8e9aa9b036f4768c0d2e868d8f080bcf68689c0f64ab3b87b1c2f78b?s=96&d=mm&r=g","contentUrl":"https:\/\/secure.gravatar.com\/avatar\/60ee7d8b8e9aa9b036f4768c0d2e868d8f080bcf68689c0f64ab3b87b1c2f78b?s=96&d=mm&r=g","caption":"Julia Schwamberg"},"url":"https:\/\/www.almega.se\/person\/juliaschwamberg\/"}]}},"_links":{"self":[{"href":"https:\/\/www.almega.se\/api\/wp\/v2\/posts\/18170","targetHints":{"allow":["GET"]}}],"collection":[{"href":"https:\/\/www.almega.se\/api\/wp\/v2\/posts"}],"about":[{"href":"https:\/\/www.almega.se\/api\/wp\/v2\/types\/post"}],"author":[{"embeddable":true,"href":"https:\/\/www.almega.se\/api\/wp\/v2\/users\/3"}],"replies":[{"embeddable":true,"href":"https:\/\/www.almega.se\/api\/wp\/v2\/comments?post=18170"}],"version-history":[{"count":1,"href":"https:\/\/www.almega.se\/api\/wp\/v2\/posts\/18170\/revisions"}],"predecessor-version":[{"id":51060,"href":"https:\/\/www.almega.se\/api\/wp\/v2\/posts\/18170\/revisions\/51060"}],"wp:featuredmedia":[{"embeddable":true,"href":"https:\/\/www.almega.se\/api\/wp\/v2\/media\/18171"}],"wp:attachment":[{"href":"https:\/\/www.almega.se\/api\/wp\/v2\/media?parent=18170"}],"wp:term":[{"taxonomy":"category","embeddable":true,"href":"https:\/\/www.almega.se\/api\/wp\/v2\/categories?post=18170"},{"taxonomy":"post_tag","embeddable":true,"href":"https:\/\/www.almega.se\/api\/wp\/v2\/tags?post=18170"},{"taxonomy":"type","embeddable":true,"href":"https:\/\/www.almega.se\/api\/wp\/v2\/article_type?post=18170"},{"taxonomy":"agreement","embeddable":true,"href":"https:\/\/www.almega.se\/api\/wp\/v2\/agreement?post=18170"}],"curies":[{"name":"wp","href":"https:\/\/api.w.org\/{rel}","templated":true}]}}