{"id":17824,"date":"2018-06-01T14:50:16","date_gmt":"2018-06-01T12:50:16","guid":{"rendered":"https:\/\/www.almega.se\/?p=17824"},"modified":"2022-03-28T11:04:16","modified_gmt":"2022-03-28T09:04:16","slug":"nytt-kollektivavtal-med-kommunal-bransch-aldreomsorg-f-2","status":"publish","type":"post","link":"https:\/\/www.almega.se\/2018\/06\/nytt-kollektivavtal-med-kommunal-bransch-aldreomsorg-f-2\/","title":{"rendered":"Nytt kollektivavtal med Kommunal f\u00f6r bransch \u00c4ldreomsorg (F)"},"content":{"rendered":"\n<p class=\"intro\">V\u00e5rdf\u00f6retagarna har den 31 maj 2018 tecknat ett 24-m\u00e5nadersavtal med Kommunal om l\u00f6ner och allm\u00e4nna villkor f\u00f6r bransch \u00c4ldreomsorg (F). Avtalet g\u00e4ller fr\u00e5n den 1 juni 2018 till den 31 maj 2020. Det samlade avtalsv\u00e4rdet medf\u00f6r ett kostnadsv\u00e4rde i linje med \u00f6vriga avtal som tecknats p\u00e5 arbetsmarknaden 2018-2019.<\/p>\n<p class=\"intro\">\u201dVi \u00e4r n\u00f6jda med det nya avtalet som inneh\u00e5ller en rad f\u00f6rb\u00e4ttringar och f\u00f6rtydliganden men framf\u00f6rallt \u00e4r V\u00e5rdf\u00f6retagarna n\u00f6jda med att inom ramen f\u00f6r samma kostnads\u00f6kningar som \u00f6vriga arbetsmarknaden kunna g\u00f6ra en satsning p\u00e5 medarbetare som p\u00e5 ett bra s\u00e4tt bidrar till verksamhetens utveckling och m\u00e5luppfyllelse. Att vi dessutom har kunnat g\u00e5 \u00f6ver i ett procentl\u00f6neavtal som p\u00e5 sikt kommer att st\u00e4rka en l\u00e5ngsiktig h\u00e5llbar l\u00f6neutveckling i f\u00f6retagen och som tar h\u00e4nsyn till lokala f\u00f6ruts\u00e4ttningar ser vi mycket positivt p\u00e5 s\u00e4ger F\u00f6rbundsdirekt\u00f6r Inga-Kari Fryklund.\u201d<\/p>\n<p><strong>Nytt l\u00f6neavtal<\/strong><\/p>\n<p><strong>L\u00f6nerevisionsdatum<\/strong><br \/>\nL\u00f6neavtalet anger att l\u00f6nerevision ska ske den 1 juni 2018 samt 1 juni 2019. F\u00f6r 2018 kommer h\u00f6jningen ske retroaktivt, fr\u00e5n och med 1 juni, efter genomf\u00f6rd f\u00f6rhandlingsordning. <a href=\"https:\/\/www.almega.se\/app\/uploads\/2018\/06\/loneavtal-aldreomsorg-kommunal-bilaga-1.pdf\" target=\"_blank\" rel=\"noopener\">L\u00f6neavtal<\/a>.<\/p>\n<p><strong>L\u00f6ne\u00f6kningsutrymme<br \/>\n<\/strong>Avtalat l\u00f6ne\u00f6kningsutrymme b\u00e5de till den allm\u00e4nna potten och till den extra v\u00e5rdsatsningen g\u00e4ller inte f\u00f6retag med f\u00e4rre \u00e4n fyra medlemmar i Kommunal. Dock ska l\u00f6neavtalet i \u00f6vrigt till\u00e4mpas p\u00e5 medlemmarna \u00e4ven om de \u00e4r f\u00e4rre \u00e4n fyra. L\u00f6neavtalet har i tidigare f\u00f6rhandlingar gjorts dispositivt s\u00e5 lokala parter kan komma \u00f6verens om annat.<\/p>\n<p><strong><u>Den allm\u00e4nna potten<\/u><\/strong><u><br \/>\n<\/u>Till den allm\u00e4nna potten bidrar medarbetaren med l\u00e4gst 2% av sin grundl\u00f6n. Det inneb\u00e4r att potten inte ska ber\u00e4knas p\u00e5 fasta till\u00e4gg eller r\u00f6rliga l\u00f6nedelar s\u00e5som ob-ers\u00e4ttning. Deltidsanst\u00e4lld medarbetare bidrar i proportion till syssels\u00e4ttningsgraden. Potten f\u00f6rdelas individuellt av arbetsgivaren utan individgaranti.<\/p>\n<p><strong><em>S\u00e4rskilt om ber\u00e4kningen av den allm\u00e4nna potten: <\/em><\/strong><\/p>\n<ul>\n<li>Vid f\u00f6retag d\u00e4r medell\u00f6nen f\u00f6r Kommunals medlemmar <em>understiger <\/em>24\u00a0000 kr vid heltidsanst\u00e4llning ska bidraget till potten vara 480 kr per heltidsanst\u00e4lld oavsett medarbetarens individuella grundl\u00f6n (vilket motsvarar 2% p\u00e5 24\u00a0000 kr).<\/li>\n<li>Vid f\u00f6retag d\u00e4r medell\u00f6nen f\u00f6r Kommunals medlemmar <em>\u00f6verstiger <\/em>24\u00a0000 kr vid heltidsanst\u00e4llning ska bidraget till potten vara 2% p\u00e5 de faktiska grundl\u00f6nerna.<\/li>\n<\/ul>\n<p>Se i f\u00f6rklarande text med exempel hur ber\u00e4kning av medell\u00f6n och bidrag till pott ska g\u00e5 till i praktiken.<\/p>\n<p><strong><u>Extra v\u00e5rdsatsning<\/u><\/strong><u><br \/>\n<\/u>Ut\u00f6ver den allm\u00e4nna potten tillkommer en extra pott f\u00f6r att premiera kompetens, specialistkunskap, yrkesutveckling, resultat och bidrag till verksamhetens m\u00e5l. Till skillnad fr\u00e5n f\u00f6rra \u00e5rets undersk\u00f6terskesatsning kan den extra potten f\u00f6rdelas till samtliga medarbetare inom Kommunals avtalsomr\u00e5de.<\/p>\n<p>Till den extra potten bidrar heltidsanst\u00e4lld medarbetare med 0,3% av grundl\u00f6nen 2018 respektive 0,2% av grundl\u00f6nen 2019. Deltidsanst\u00e4lld bidrar i proportion till syssels\u00e4ttningsgraden. Potten f\u00f6rdelas individuellt av arbetsgivaren utan individgaranti.<\/p>\n<p><a href=\"https:\/\/www.almega.se\/app\/uploads\/2018\/06\/forklaring-exempel-pott-sista.pdf\" target=\"_blank\" rel=\"noopener\">L\u00e4nk till exempel.<\/a><\/p>\n<p><strong>L\u00e4gstal\u00f6ner<br \/>\n<\/strong>L\u00e4gstal\u00f6nen f\u00f6r medarbetare som har fyllt 19 \u00e5r och har en sammanlagd anst\u00e4llningstid \u00f6verstigande tre m\u00e5nader h\u00f6js med 287 kronor 1 december 2018 till 18 217 kronor samt med 335 kronor till 18 552 1 december 2019.<\/p>\n<p><strong>\u00a0<\/strong><\/p>\n<p><strong>F\u00f6r\u00e4ndringar i allm\u00e4nna villkor fr\u00e5n 2018-06-01<\/strong><\/p>\n<h2><a name=\"_Toc471299635\"><\/a><a name=\"_Toc471299618\"><\/a><a name=\"_Toc286993007\"><\/a><a name=\"_Toc77148283\"><\/a>\u00a7 3 \u00a0\u00a0\u00a0\u00a0\u00a0\u00a0\u00a0\u00a0\u00a0 Anst\u00e4llning m m<\/h2>\n<h2>Mom 2\u00a0\u00a0\u00a0\u00a0\u00a0\u00a0 Avst\u00e5ende tillsvidareanst\u00e4llning<\/h2>\n<p>Medarbetare f\u00e5r p\u00e5 eget initiativ efter skriftlig \u00f6verenskommelse med arbetsgivaren avst\u00e5 konvertering fr\u00e5n visstidsanst\u00e4llning till tillsvidareanst\u00e4llning. S\u00e5dan \u00f6verenskommelse g\u00e4ller i sex m\u00e5nader. Medarbetare kan p\u00e5 nytt avst\u00e5 tillsvidareanst\u00e4llning enligt denna regel.<\/p>\n<h5>I momentet tydligg\u00f6rs partsavsikten som redan \u00e4r reglerad med \u00f6vriga motparter p\u00e5 avtalsomr\u00e5det att avst\u00e5ende av konvertering till tillsvidareanst\u00e4llning ska ske p\u00e5 medarbetarens initiativ.<\/h5>\n<h2><a name=\"_Toc471299627\"><\/a><a name=\"_Toc471298624\"><\/a><a name=\"_Toc470166929\"><\/a><a name=\"_Toc383695585\"><\/a><a name=\"_Toc379887217\"><\/a>Mom 2 \u00a0\u00a0\u00a0\u00a0\u00a0 Upps\u00e4gning fr\u00e5n arbetsgivarens sida<a name=\"_Toc471299628\"><\/a><a name=\"_Toc296497163\"><\/a><a name=\"_Toc295977421\"><\/a><a name=\"_Toc286993015\"><\/a><a name=\"_Toc77148292\"><\/a><\/h2>\n<p>Tidigare fanns s\u00e4rskilda upps\u00e4gningstider f\u00f6r medarbetare som anst\u00e4lldes f\u00f6re 1 januari 1999. Upps\u00e4gningstiderna baserades p\u00e5 medarbetarnas \u00e5lder. Denna best\u00e4mmelse utg\u00e5r ur avtalstexten d\u00e5 den inte l\u00e4ngre p\u00e5verkar upps\u00e4gningstiden f\u00f6r medarbetare anst\u00e4llda f\u00f6re 1januari 1999. De som i dagsl\u00e4get har \u00f6ver 10 \u00e5rs anst\u00e4llningstid hamnar de i de nyare reglerna med 6 m\u00e5naders upps\u00e4gningstid.<\/p>\n<h2><a name=\"_Toc471299630\"><\/a><a name=\"_Toc471298626\"><\/a><a name=\"_Toc470166931\"><\/a><a name=\"_Toc383695587\"><\/a><a name=\"_Toc379887219\"><\/a><a name=\"_Toc295977424\"><\/a><a name=\"_Toc286993018\"><\/a><a name=\"_Toc77148295\"><\/a>Mom 4\u00a0\u00a0\u00a0\u00a0\u00a0\u00a0 Viss tid eller visst arbete<\/h2>\n<p>Detta moment reglerar vad som g\u00e4ller n\u00e4r en visstidsanst\u00e4llning ska upph\u00f6ra. Till best\u00e4mmelsen har vi tydliggjort de ordningsregler som g\u00e4ller vid avbrytande av visstidsanst\u00e4llningarna f\u00f6r att minska missf\u00f6rst\u00e5nd och tydligg\u00f6ra vilken formalia som kr\u00e4vs av arbetsgivaren i dessa situationer i f\u00f6rh\u00e5llande till LAS regleringar.<a name=\"_Toc471299631\"><\/a><a name=\"_Toc471298627\"><\/a><a name=\"_Toc470166932\"><\/a><a name=\"_Toc383695588\"><\/a><a name=\"_Toc379887220\"><\/a><a name=\"_Toc295977425\"><\/a><a name=\"_Toc286993019\"><\/a><a name=\"_Toc77148296\"><\/a><strong>\u00a0<\/strong><\/p>\n<h2>Mom 5\u00a0\u00a0\u00a0\u00a0\u00a0\u00a0 Provanst\u00e4llning<\/h2>\n<p><a name=\"_Toc471299632\"><\/a><a name=\"_Toc471298628\"><\/a><a name=\"_Toc470166933\"><\/a><a name=\"_Toc383695589\"><\/a><a name=\"_Toc379887221\"><\/a><a name=\"_Toc295977426\"><\/a><a name=\"_Toc286993020\"><\/a><a name=\"_Toc77148297\"><\/a>\u00c4ven i denna del har vi tillf\u00f6rt f\u00f6rtydliganden s\u00e5som att arbetsgivarens ska motivera varf\u00f6r en provanst\u00e4llning upph\u00f6r. Vidare f\u00f6rtydligas de formaliaregler som ska uppfyllas.<\/p>\n<h2>Mom 6\u00a0\u00a0\u00a0\u00a0\u00a0\u00a0 L\u00e4mnad anst\u00e4llning<\/h2>\n<p>Om en medarbetare l\u00e4mnar sin anst\u00e4llning utan att iaktta upps\u00e4gningstiden eller del av den, har arbetsgivaren r\u00e4tt till skadest\u00e5nd f\u00f6r den ekonomiska skada och ol\u00e4genhet som d\u00e4rigenom v\u00e5llats med ett belopp som motsvarar den l\u00f6n som skulle ha tj\u00e4nats in under den \u00e5terst\u00e5ende delen av upps\u00e4gningstiden, dock h\u00f6gst en m\u00e5nadsl\u00f6n. R\u00e4tten till skadest\u00e5nd ut\u00f6ver denna best\u00e4mmelse f\u00f6ljer av 38 \u00a7 LAS.<\/p>\n<p>Denna f\u00f6r\u00e4ndring inneb\u00e4r att arbetsgivaren f\u00e5r en st\u00f6rre ensidig r\u00e4tt att kvitta fordran f\u00f6r skadest\u00e5nd mot medarbetarens intj\u00e4nade l\u00f6n i de fall medarbetaren inte iakttar sin egen upps\u00e4gningstid. Tidigare kunde arbetsgivare kvitta upp till tv\u00e5 veckors l\u00f6n mot innest\u00e5ende l\u00f6nefordran (om medarbetaren inte iakttagit sin egen upps\u00e4gningstid). Med den nya skrivningen kan maximalt en m\u00e5nads l\u00f6n inneh\u00e5llas\/kvittas med st\u00f6d av avtalstexten om medarbetaren inte iakttagit minst en m\u00e5nad av upps\u00e4gningstiden. Ytterligare ekonomisk skada ut\u00f6ver detta som kan uppst\u00e5 f\u00e5r som tidigare drivas gentemot medarbetaren med iakttagande av f\u00f6rhandlingsordningen.<\/p>\n<h2>\u00a7 5 Mom 5 Rast<\/h2>\n<p>Ett nytt moment inf\u00f6rs som ger f\u00f6retagen m\u00f6jlighet att vid arbetspass som \u00e4r h\u00f6gst 6 timmar att inte f\u00f6rl\u00e4gga rast utan endast f\u00f6rl\u00e4gga m\u00e5ltidsuppeh\u00e5ll. I \u00f6vriga fall g\u00e4ller Arbetstidslagens \u00a7 15 regler om att rasterna skall f\u00f6rl\u00e4ggas s\u00e5, att arbetstagarna inte utf\u00f6r arbete mer \u00e4n fem timmar i f\u00f6ljd. Noteras b\u00f6r dock att \u00a7 16 i Arbetstidslagen till\u00e5ter att byta rast mot m\u00e5ltidsuppeh\u00e5ll i andra situationer t.ex n\u00e4r det \u00e4r n\u00f6dv\u00e4ndigt med h\u00e4nsyn till arbetsf\u00f6rh\u00e5llandena eller med h\u00e4nsyn till sjukdomsfall eller annan h\u00e4ndelse som inte har kunnat f\u00f6rutses av arbetsgivaren. Denna m\u00f6jlighet b\u00f6r dock brukas med f\u00f6rsiktighet och endast anv\u00e4ndas n\u00e4r goda sk\u00e4l f\u00f6religger som t.ex vid ensamarbete p\u00e5 natt<\/p>\n<h2><strong>\u00a7 6 Mom 1 och 3 \u00a7 Ob-ers\u00e4ttning och ers\u00e4ttning f\u00f6rskjuten arbetstid<\/strong><\/h2>\n<p><strong>Ob-ers\u00e4ttningarna h\u00f6js med m\u00e4rket f\u00f6r perioden till:<\/strong><\/p>\n<p><strong>Observera att h\u00f6jningarna av avtalets Ob-ers\u00e4ttningar sker 1 december respektive avtals\u00e5r och inte 1 juni.<\/strong><\/p>\n<table>\n<tbody>\n<tr>\n<td width=\"135\"><\/td>\n<td width=\"128\">Kr\/tim fr o m 2018-12-01<\/td>\n<td width=\"128\">Kr\/tim fr o m 2019-12-01<\/td>\n<\/tr>\n<tr>\n<td width=\"135\">1 O-till\u00e4ggstid A<\/td>\n<td width=\"128\">101:30<\/td>\n<td width=\"128\">103:60<\/td>\n<\/tr>\n<tr>\n<td width=\"135\">2 O-till\u00e4ggstid B<\/td>\n<td width=\"128\">51:80<\/td>\n<td width=\"128\">53<\/td>\n<\/tr>\n<tr>\n<td width=\"135\">3 O-till\u00e4ggstid C<\/td>\n<td width=\"128\">44:30<\/td>\n<td width=\"128\">45:30<\/td>\n<\/tr>\n<tr>\n<td width=\"135\">4 O-till\u00e4ggstid D<\/td>\n<td width=\"128\">20:90<\/td>\n<td width=\"128\">21:40<\/td>\n<\/tr>\n<\/tbody>\n<\/table>\n<p>Ers\u00e4ttning f\u00f6r f\u00f6rskjuten arbetstid h\u00f6js fr\u00e5n den 1 juni 2018 till 19:50 per timme och fr\u00e5n den 1 juni 2019 till 19:90 kronor per timme.<\/p>\n<h2><a name=\"_Toc471299648\"><\/a>\u00a7 7 \u00a0\u00a0\u00a0\u00a0\u00a0\u00a0\u00a0\u00a0\u00a0 \u00d6vertid och mertid<\/h2>\n<h3>Mom 1\u00a0\u00a0\u00a0\u00a0\u00a0\u00a0\u00a0 \u00d6vertidsarbete<\/h3>\n<p>Avtalet tillf\u00f6rs ny anm\u00e4rkning p\u00e5 avsnittet som \u00e4r en mycket viktig fr\u00e5ga f\u00f6r Kommunal och \u00e5terspeglar V\u00e5rdf\u00f6retagarnas r\u00e5dgivning. Situationer d\u00e4r medarbetaren inte kan eller f\u00e5r g\u00e5 ifr\u00e5n arbetsplatsen \u00e4r en indirekt beordring som ska hanteras enligt avtalets regler om mertid\/\u00f6vertid.<\/p>\n<p><em>Den nya anm\u00e4rkningen inneb\u00e4r f\u00f6ljande:<\/em><\/p>\n<p><em>Anm\u00e4rkning<br \/>\nN\u00e4r medarbetare p\u00e5 grund av risk f\u00f6r v\u00e5rdtagares h\u00e4lsa och\/eller s\u00e4kerhet ej kan avsluta sitt arbetspass p\u00e5 f\u00f6rutbest\u00e4md tid, ska tiden hanteras enligt avtalets regler om \u00f6vertid\/mertid. S\u00e5dant arbete ska rapporteras till arbetsgivaren snarast, dock senast dagen efter arbetet utf\u00f6rts. Lokala parter kan komma \u00f6verens om hur arbete enligt ovan ers\u00e4tts.<\/em><\/p>\n<p><em>I de fall en medarbetare regelbundet utf\u00f6r arbete enligt ovan ska schemal\u00e4ggningen f\u00f6r denna medarbetare ses \u00f6ver. <\/em><\/p>\n<h2><a name=\"_Toc471299669\"><\/a><a name=\"_Toc286993046\"><\/a><a name=\"_Toc77148333\"><\/a>\u00a7 9 \u00a0\u00a0\u00a0\u00a0\u00a0\u00a0\u00a0\u00a0\u00a0 Beredskap<\/h2>\n<h2>\u00a0<a name=\"_Toc471299671\"><\/a><a name=\"_Toc471298656\"><\/a><a name=\"_Toc470166961\"><\/a><a name=\"_Toc383695617\"><\/a><a name=\"_Toc379887249\"><\/a><a name=\"_Toc295977454\"><\/a><a name=\"_Toc286993048\"><\/a><a name=\"_Toc77148335\"><\/a>Mom 2\u00a0\u00a0\u00a0\u00a0\u00a0\u00a0 Ers\u00e4ttning<\/h2>\n<p><strong>Ers\u00e4ttning f\u00f6r beredskap h\u00f6js med m\u00e4rket f\u00f6r perioden till:<\/strong><\/p>\n<table>\n<tbody>\n<tr>\n<td width=\"135\"><\/td>\n<td width=\"128\">Kr\/tim fr o m 2018-06-01<\/td>\n<td width=\"128\">Kr\/tim fr o m 2019-06-01<\/td>\n<\/tr>\n<tr>\n<td width=\"135\">1 Beredskap<\/td>\n<td width=\"128\">13:80<\/td>\n<td width=\"128\">14:00<\/td>\n<\/tr>\n<tr>\n<td width=\"135\">2 Beredskap helg<\/td>\n<td width=\"128\">27:30<\/td>\n<td width=\"128\">28:00<\/td>\n<\/tr>\n<\/tbody>\n<\/table>\n<p><strong>\u00a0<\/strong><\/p>\n<h2><strong>\u00a0<\/strong><a name=\"_Toc471299714\"><\/a><a name=\"_Toc470166994\"><\/a><a name=\"_Toc286993080\"><\/a><a name=\"_Toc77148377\"><\/a>\u00a7 14\u00a0\u00a0\u00a0\u00a0\u00a0\u00a0\u00a0\u00a0 F\u00f6r\u00e4ldraledighetstill\u00e4gg och avdrag vid f\u00f6r\u00e4ldra\u00adledighet<\/h2>\n<p><a name=\"_Toc471299715\"><\/a><a name=\"_Toc471298690\"><\/a><a name=\"_Toc470166995\"><\/a><a name=\"_Toc383695650\"><\/a><a name=\"_Toc379887282\"><\/a><a name=\"_Toc295977485\"><\/a><a name=\"_Toc286993081\"><\/a><a name=\"_Toc77148378\"><\/a><a name=\"_Toc471299719\"><\/a><a name=\"_Toc471298692\"><\/a><a name=\"_Toc470166997\"><\/a><a name=\"_Toc383695652\"><\/a><a name=\"_Toc379887284\"><\/a><a name=\"_Toc295977488\"><\/a><a name=\"_Toc286993083\"><\/a><a name=\"_Toc77148380\"><\/a>Detta nya moment i avtalet ger m\u00f6jlighet att vid misstanke om missbruk av f\u00f6r\u00e4ldraledighetsreglerna kontrollera att ledighetsr\u00e4tten uppfylls. F\u00f6r r\u00e4tten till hel ledighet efter det att barnet fyllt 18 m\u00e5nader kr\u00e4vs att medarbetaren har hel f\u00f6r\u00e4ldrapenning att ta ut f\u00f6r perioden. Vid tillf\u00e4llig f\u00f6r\u00e4ldrapenning kr\u00e4vs att medarbetaren ans\u00f6ker om och f\u00e5r beviljad ers\u00e4ttning av F\u00f6rs\u00e4kringskassan.<\/p>\n<p>Momentet f\u00e5r f\u00f6ljande lydelse:<\/p>\n<h2>Mom 6\u00a0\u00a0\u00a0\u00a0\u00a0\u00a0 Beviljad f\u00f6r\u00e4ldrapenning ska styrkas<\/h2>\n<p>P\u00e5 arbetsgivarens beg\u00e4ran \u00e4r medarbetare skyldig att styrka att denne uppb\u00e4r f\u00f6r\u00e4ldrapenning eller tillf\u00e4llig f\u00f6r\u00e4ldrapenning fr\u00e5n F\u00f6rs\u00e4kringskassan.<\/p>\n<p><em>Anm\u00e4rkning<br \/>\nG\u00e4ller inte vid f\u00f6r\u00e4ldraledighet utan f\u00f6r\u00e4ldrapenning enligt 5 \u00a7 f\u00f6r\u00e4ldraledighetslagen <\/em><\/p>\n<h2><strong>\u00a0<\/strong><strong>\u00a0<\/strong><strong>Mom 7 \u00a0\u00a0\u00a0\u00a0\u00a0 Ans\u00f6kan om f\u00f6r\u00e4ldraledighet<\/strong><\/h2>\n<p>En avvikelse fr\u00e5n F\u00f6r\u00e4ldraledighetslagen regler inf\u00f6rs vilken inneb\u00e4r att ledighet ska anm\u00e4las senast tre m\u00e5nader f\u00f6re i st\u00e4llet f\u00f6r tv\u00e5 m\u00e5nader f\u00f6re ledighetens b\u00f6rjan vilken underl\u00e4ttar arbetsgivarens bemanningsplanering.<\/p>\n<p>Det nya momentet f\u00e5r f\u00f6ljande lydelse:<\/p>\n<p>Medarbetare som vill nyttja sin r\u00e4tt till f\u00f6r\u00e4ldraledighet ska anm\u00e4la detta till arbetsgivaren senast tre m\u00e5nader f\u00f6re ledighetens b\u00f6rjan. Vid f\u00f6r\u00e4ldraledighet i direkt samband med huvudsemester b\u00f6r anm\u00e4lan g\u00f6ras samtidigt som semesterans\u00f6kan. Anm\u00e4lan kan g\u00f6ras senare om medarbetaren har s\u00e4rskilda sk\u00e4l.<\/p>\n<p><em>Anm\u00e4rkning<br \/>\nG\u00e4ller inte vid ledighet med tillf\u00e4llig f\u00f6r\u00e4ldrapenning.<\/em><\/p>\n<p><strong>\u00a0<\/strong><strong>Arbetsgrupp<\/strong><\/p>\n<p>En arbetsgrupp tillsammans med medlemsf\u00f6retag kommer att initieras f\u00f6r att utreda f\u00f6ruts\u00e4ttningarna inom respektive avtalsomr\u00e5de f\u00f6r att kunna erbjuda tj\u00e4nster med h\u00f6gre syssels\u00e4ttningsgrad samt att erbjuda heltid vid nyanst\u00e4llningar.<\/p>\n<p><strong>\u00a0<\/strong><strong>Avst\u00e4mning <\/strong><\/p>\n<p>I avtalsr\u00f6relsen 2016 inf\u00f6rdes ett nytt l\u00f6neavtal. Parterna \u00e4r d\u00e4rf\u00f6r \u00f6verens om att en avst\u00e4mning\/utv\u00e4rdering ska ske senast 30 april 2020. Som underlag ska centrala parter bland annat analysera enskilda f\u00f6retags l\u00f6nerevisioner samt parternas gemensamma l\u00f6nestatistik.<\/p>\n<p>Parterna ska analysera l\u00f6neutvecklingen f\u00f6r att se om den f\u00f6ljer l\u00f6neavtalets intentioner samt att l\u00f6neutvecklingen ligger i niv\u00e5 med det \u00f6verenskomna l\u00f6neavtalet.<\/p>\n<p>Avst\u00e4mningen ska vidare analysera hur den s\u00e4rskilda potten om 0,2 respektive 0,3 har anv\u00e4nts till den satsning centrala parter avtalats om.<\/p>\n<p><strong>Protokoll med bilagor<br \/>\n<\/strong>Fullst\u00e4ndiga protokoll och bilagor inneh\u00e5llande l\u00f6neavtal och \u00e4ndringar av allm\u00e4nna anst\u00e4llningsvillkor finns p\u00e5 hemsidan, klicka <a href=\"https:\/\/www.almega.se\/app\/uploads\/2018\/06\/protokoll-uppgorelse-om-loner-och-allm-anstallningsvillkor-bransch-aldreomsorg-f-1-juni-2018-31-maj-2020-kommunal.pdf\" target=\"_blank\" rel=\"noopener\"><u>h\u00e4r<\/u> <\/a>(inloggning kr\u00e4vs). F\u00f6r\u00e4ndringar i avtalet \u00e4r markerade i r\u00f6tt.<\/p>\n<p><strong>Fr\u00e5gor<br \/>\n<\/strong>Har du n\u00e5gra fr\u00e5gor \u00e4r du v\u00e4lkommen att kontakta Linn Bentley, avtalsansvarig, p\u00e5 telefon 08 \u2013 762 70 31 eller via e-post <a href=\"mailto:linn.bentley@almega.se\">linn.bentley@almega.se<\/a> eller Daniel Andersson p\u00e5 telefon 08-762 66 29 eller via e-post <a href=\"mailto:daniel.andersson@almega.se\">daniel.andersson@almega.se<\/a> eller Gabriella Nordgren p\u00e5 telefon 08-762 66 32 eller via e-post <a href=\"mailto:gabriella.nordgren@almega.se\">gabriella.nordgren@almega.se<\/a> eller n\u00e5gon av \u00f6vriga f\u00f6rhandlare p\u00e5 V\u00e5rdf\u00f6retagarna som du hittar p\u00e5 <a href=\"http:\/\/www.vardforetagarna.se\">www.vardforetagarna.se<\/a> under fliken Kontakt och fliken Dina avtalskontaktpersoner.<\/p>\n<p>&nbsp;<\/p>\n","protected":false},"excerpt":{"rendered":"<p>V\u00e5rdf\u00f6retagarna har den 31 maj 2018 tecknat ett 24-m\u00e5nadersavtal med Kommunal om l\u00f6ner och allm\u00e4nna villkor f\u00f6r bransch \u00c4ldreomsorg (F). Avtalet g\u00e4ller fr\u00e5n den 1 juni 2018 till den 31 maj 2020. Det samlade avtalsv\u00e4rdet &hellip;<\/p>\n","protected":false},"author":21100,"featured_media":0,"comment_status":"closed","ping_status":"open","sticky":false,"template":"","format":"standard","meta":{"_acf_changed":false,"footnotes":""},"categories":[1],"tags":[],"article_type":[313],"agreement":[243,244],"class_list":["post-17824","post","type-post","status-publish","format-standard","hentry","category-okategoriserade","type-arbetsgivarnytt","agreement-1ac6e1f5-3f44-e211-be83-005056b20fd8","agreement-70ee1081-3f44-e211-be83-005056b20fd8"],"acf":[],"yoast_head":"<!-- This site is optimized with the Yoast SEO Premium plugin v26.8 (Yoast SEO v26.8) - https:\/\/yoast.com\/product\/yoast-seo-premium-wordpress\/ -->\n<title>Nytt kollektivavtal med Kommunal f\u00f6r bransch \u00c4ldreomsorg (F) | Almega<\/title>\n<meta name=\"robots\" content=\"index, follow, max-snippet:-1, max-image-preview:large, max-video-preview:-1\" \/>\n<link rel=\"canonical\" href=\"https:\/\/www.almega.se\/2018\/06\/nytt-kollektivavtal-med-kommunal-bransch-aldreomsorg-f-2\/\" \/>\n<meta property=\"og:locale\" content=\"sv_SE\" \/>\n<meta property=\"og:type\" content=\"article\" \/>\n<meta property=\"og:title\" content=\"Nytt kollektivavtal med Kommunal f\u00f6r bransch \u00c4ldreomsorg (F)\" \/>\n<meta property=\"og:description\" content=\"V\u00e5rdf\u00f6retagarna har den 31 maj 2018 tecknat ett 24-m\u00e5nadersavtal med Kommunal om l\u00f6ner och allm\u00e4nna villkor f\u00f6r bransch \u00c4ldreomsorg (F). Avtalet g\u00e4ller fr\u00e5n den 1 juni 2018 till den 31 maj 2020. Det samlade avtalsv\u00e4rdet &hellip;\" \/>\n<meta property=\"og:url\" content=\"https:\/\/www.almega.se\/2018\/06\/nytt-kollektivavtal-med-kommunal-bransch-aldreomsorg-f-2\/\" \/>\n<meta property=\"og:site_name\" content=\"Almega\" \/>\n<meta property=\"article:published_time\" content=\"2018-06-01T12:50:16+00:00\" \/>\n<meta property=\"article:modified_time\" content=\"2022-03-28T09:04:16+00:00\" \/>\n<meta property=\"og:image\" content=\"https:\/\/www.almega.se\/app\/uploads\/2020\/12\/almega-share-logo.png\" \/>\n\t<meta property=\"og:image:width\" content=\"1200\" \/>\n\t<meta property=\"og:image:height\" content=\"630\" \/>\n\t<meta property=\"og:image:type\" content=\"image\/png\" \/>\n<meta name=\"author\" content=\"Christoffer Bj\u00f6rkwall\" \/>\n<meta name=\"twitter:card\" content=\"summary_large_image\" \/>\n<meta name=\"twitter:label1\" content=\"Skriven av\" \/>\n\t<meta name=\"twitter:data1\" content=\"Christoffer Bj\u00f6rkwall\" \/>\n\t<meta name=\"twitter:label2\" content=\"Ber\u00e4knad l\u00e4stid\" \/>\n\t<meta name=\"twitter:data2\" content=\"10 minuter\" \/>\n<!-- \/ Yoast SEO Premium plugin. -->","yoast_head_json":{"title":"Nytt kollektivavtal med Kommunal f\u00f6r bransch \u00c4ldreomsorg (F) | Almega","robots":{"index":"index","follow":"follow","max-snippet":"max-snippet:-1","max-image-preview":"max-image-preview:large","max-video-preview":"max-video-preview:-1"},"canonical":"https:\/\/www.almega.se\/2018\/06\/nytt-kollektivavtal-med-kommunal-bransch-aldreomsorg-f-2\/","og_locale":"sv_SE","og_type":"article","og_title":"Nytt kollektivavtal med Kommunal f\u00f6r bransch \u00c4ldreomsorg (F)","og_description":"V\u00e5rdf\u00f6retagarna har den 31 maj 2018 tecknat ett 24-m\u00e5nadersavtal med Kommunal om l\u00f6ner och allm\u00e4nna villkor f\u00f6r bransch \u00c4ldreomsorg (F). Avtalet g\u00e4ller fr\u00e5n den 1 juni 2018 till den 31 maj 2020. Det samlade avtalsv\u00e4rdet &hellip;","og_url":"https:\/\/www.almega.se\/2018\/06\/nytt-kollektivavtal-med-kommunal-bransch-aldreomsorg-f-2\/","og_site_name":"Almega","article_published_time":"2018-06-01T12:50:16+00:00","article_modified_time":"2022-03-28T09:04:16+00:00","og_image":[{"width":1200,"height":630,"url":"https:\/\/www.almega.se\/app\/uploads\/2020\/12\/almega-share-logo.png","type":"image\/png"}],"author":"Christoffer Bj\u00f6rkwall","twitter_card":"summary_large_image","twitter_misc":{"Skriven av":"Christoffer Bj\u00f6rkwall","Ber\u00e4knad l\u00e4stid":"10 minuter"},"schema":{"@context":"https:\/\/schema.org","@graph":[{"@type":"NewsArticle","@id":"https:\/\/www.almega.se\/2018\/06\/nytt-kollektivavtal-med-kommunal-bransch-aldreomsorg-f-2\/#article","isPartOf":{"@id":"https:\/\/www.almega.se\/2018\/06\/nytt-kollektivavtal-med-kommunal-bransch-aldreomsorg-f-2\/"},"author":{"name":"Christoffer Bj\u00f6rkwall","@id":"https:\/\/www.almega.se\/#\/schema\/person\/85455dd30dc7dd48496950cee22dd217"},"headline":"Nytt kollektivavtal med Kommunal f\u00f6r bransch \u00c4ldreomsorg (F)","datePublished":"2018-06-01T12:50:16+00:00","dateModified":"2022-03-28T09:04:16+00:00","mainEntityOfPage":{"@id":"https:\/\/www.almega.se\/2018\/06\/nytt-kollektivavtal-med-kommunal-bransch-aldreomsorg-f-2\/"},"wordCount":1939,"inLanguage":"sv-SE"},{"@type":"WebPage","@id":"https:\/\/www.almega.se\/2018\/06\/nytt-kollektivavtal-med-kommunal-bransch-aldreomsorg-f-2\/","url":"https:\/\/www.almega.se\/2018\/06\/nytt-kollektivavtal-med-kommunal-bransch-aldreomsorg-f-2\/","name":"Nytt kollektivavtal med Kommunal f\u00f6r bransch \u00c4ldreomsorg (F) | Almega","isPartOf":{"@id":"https:\/\/www.almega.se\/#website"},"datePublished":"2018-06-01T12:50:16+00:00","dateModified":"2022-03-28T09:04:16+00:00","author":{"@id":"https:\/\/www.almega.se\/#\/schema\/person\/85455dd30dc7dd48496950cee22dd217"},"breadcrumb":{"@id":"https:\/\/www.almega.se\/2018\/06\/nytt-kollektivavtal-med-kommunal-bransch-aldreomsorg-f-2\/#breadcrumb"},"inLanguage":"sv-SE","potentialAction":[{"@type":"ReadAction","target":["https:\/\/www.almega.se\/2018\/06\/nytt-kollektivavtal-med-kommunal-bransch-aldreomsorg-f-2\/"]}]},{"@type":"BreadcrumbList","@id":"https:\/\/www.almega.se\/2018\/06\/nytt-kollektivavtal-med-kommunal-bransch-aldreomsorg-f-2\/#breadcrumb","itemListElement":[{"@type":"ListItem","position":1,"name":"Home","item":"https:\/\/www.almega.se\/"},{"@type":"ListItem","position":2,"name":"Nytt kollektivavtal med Kommunal f\u00f6r bransch \u00c4ldreomsorg (F)"}]},{"@type":"WebSite","@id":"https:\/\/www.almega.se\/#website","url":"https:\/\/www.almega.se\/","name":"Almega","description":"","potentialAction":[{"@type":"SearchAction","target":{"@type":"EntryPoint","urlTemplate":"https:\/\/www.almega.se\/?s={search_term_string}"},"query-input":{"@type":"PropertyValueSpecification","valueRequired":true,"valueName":"search_term_string"}}],"inLanguage":"sv-SE"},{"@type":"Person","@id":"https:\/\/www.almega.se\/#\/schema\/person\/85455dd30dc7dd48496950cee22dd217","name":"Christoffer Bj\u00f6rkwall","image":{"@type":"ImageObject","inLanguage":"sv-SE","@id":"https:\/\/www.almega.se\/#\/schema\/person\/image\/","url":"https:\/\/secure.gravatar.com\/avatar\/956880dd99ad7977c1311ac56674963f4336935dd0a0213718b2293a4929de54?s=96&d=mm&r=g","contentUrl":"https:\/\/secure.gravatar.com\/avatar\/956880dd99ad7977c1311ac56674963f4336935dd0a0213718b2293a4929de54?s=96&d=mm&r=g","caption":"Christoffer Bj\u00f6rkwall"},"url":"https:\/\/www.almega.se\/person\/_j9ud6qydtb7peyh5q9truisdz8givruub40jznsy\/"}]}},"_links":{"self":[{"href":"https:\/\/www.almega.se\/api\/wp\/v2\/posts\/17824","targetHints":{"allow":["GET"]}}],"collection":[{"href":"https:\/\/www.almega.se\/api\/wp\/v2\/posts"}],"about":[{"href":"https:\/\/www.almega.se\/api\/wp\/v2\/types\/post"}],"author":[{"embeddable":true,"href":"https:\/\/www.almega.se\/api\/wp\/v2\/users\/21100"}],"replies":[{"embeddable":true,"href":"https:\/\/www.almega.se\/api\/wp\/v2\/comments?post=17824"}],"version-history":[{"count":0,"href":"https:\/\/www.almega.se\/api\/wp\/v2\/posts\/17824\/revisions"}],"wp:attachment":[{"href":"https:\/\/www.almega.se\/api\/wp\/v2\/media?parent=17824"}],"wp:term":[{"taxonomy":"category","embeddable":true,"href":"https:\/\/www.almega.se\/api\/wp\/v2\/categories?post=17824"},{"taxonomy":"post_tag","embeddable":true,"href":"https:\/\/www.almega.se\/api\/wp\/v2\/tags?post=17824"},{"taxonomy":"type","embeddable":true,"href":"https:\/\/www.almega.se\/api\/wp\/v2\/article_type?post=17824"},{"taxonomy":"agreement","embeddable":true,"href":"https:\/\/www.almega.se\/api\/wp\/v2\/agreement?post=17824"}],"curies":[{"name":"wp","href":"https:\/\/api.w.org\/{rel}","templated":true}]}}