{"id":16861,"date":"2018-04-17T15:40:35","date_gmt":"2018-04-17T13:40:35","guid":{"rendered":"https:\/\/www.almega.se\/?p=16861"},"modified":"2018-04-17T15:43:07","modified_gmt":"2018-04-17T13:43:07","slug":"medieforetagens-forbundsmote-13-september","status":"publish","type":"post","link":"https:\/\/www.almega.se\/2018\/04\/medieforetagens-forbundsmote-13-september\/","title":{"rendered":"Medie&shy;f\u00f6retagens f\u00f6rbundsm\u00f6te 13 september"},"content":{"rendered":"\n<p class=\"intro\">Boka redan nu torsdagen den 13 september kl 17.00 f\u00f6r Medief\u00f6retagens f\u00f6rbundsm\u00f6te!<\/p>\n<p>Vi kommer att h\u00e5lla till i Fotografiska mus\u00e9ets lokaler och avsluta m\u00f6tet i Fotografiskas restaurang \u2013 som blivit utn\u00e4mnd till v\u00e4rldens b\u00e4sta museirestaurang 2017 &#8211; med en vidunderlig utsikt \u00f6ver Stockholm och en middag signerad av matkreat\u00f6ren Paul Svensson.<\/p>\n<p>Kallelse kommer i slutet av augusti.<\/p>\n","protected":false},"excerpt":{"rendered":"<p>Boka redan nu torsdagen den 13 september kl 17.00 f\u00f6r Medief\u00f6retagens f\u00f6rbundsm\u00f6te! Vi kommer att h\u00e5lla till i Fotografiska mus\u00e9ets lokaler och avsluta m\u00f6tet i Fotografiskas restaurang \u2013 som blivit utn\u00e4mnd till v\u00e4rldens b\u00e4sta museirestaurang &hellip;<\/p>\n","protected":false},"author":219,"featured_media":0,"comment_status":"closed","ping_status":"open","sticky":false,"template":"","format":"standard","meta":{"_acf_changed":false,"footnotes":""},"categories":[1],"tags":[],"article_type":[307],"agreement":[129,132,135,139,147,148,160,168,172,178,181,182,192,193,194,220,221,222,223,226,230,225,228,171],"class_list":["post-16861","post","type-post","status-publish","format-standard","hentry","category-okategoriserade","type-medlemsnyheter","agreement-80801b30-bf59-de11-bdb9-02bf9e69ca65","agreement-12ce80f7-ff07-de11-b4e1-02bf9e69ca65","agreement-a0dd9b4d-7a56-de11-bdb9-02bf9e69ca65","agreement-22ce80f7-ff07-de11-b4e1-02bf9e69ca65","agreement-21ce80f7-ff07-de11-b4e1-02bf9e69ca65","agreement-4843d367-7a56-de11-bdb9-02bf9e69ca65","agreement-1cce80f7-ff07-de11-b4e1-02bf9e69ca65","agreement-24ce80f7-ff07-de11-b4e1-02bf9e69ca65","agreement-68ce80f7-ff07-de11-b4e1-02bf9e69ca65","agreement-1dce80f7-ff07-de11-b4e1-02bf9e69ca65","agreement-20ce80f7-ff07-de11-b4e1-02bf9e69ca65","agreement-50febb79-7a56-de11-bdb9-02bf9e69ca65","agreement-d95c3e3a-0da2-de11-b057-02bf9e69ca65","agreement-2b2479db-06a2-de11-b057-02bf9e69ca65","agreement-89175bca-06a2-de11-b057-02bf9e69ca65","agreement-284e69e0-7a56-de11-bdb9-02bf9e69ca65","agreement-587f7203-7b56-de11-bdb9-02bf9e69ca65","agreement-26ce80f7-ff07-de11-b4e1-02bf9e69ca65","agreement-68c1af9f-6b56-de11-bdb9-02bf9e69ca65","agreement-29ce80f7-ff07-de11-b4e1-02bf9e69ca65","agreement-1fce80f7-ff07-de11-b4e1-02bf9e69ca65","agreement-25ce80f7-ff07-de11-b4e1-02bf9e69ca65","agreement-1ece80f7-ff07-de11-b4e1-02bf9e69ca65","agreement-23ce80f7-ff07-de11-b4e1-02bf9e69ca65"],"acf":[],"yoast_head":"<!-- This site is optimized with the Yoast SEO Premium plugin v26.8 (Yoast SEO v26.8) - https:\/\/yoast.com\/product\/yoast-seo-premium-wordpress\/ -->\n<title>Medief\u00f6retagens f\u00f6rbundsm\u00f6te 13 september | Almega<\/title>\n<meta name=\"robots\" content=\"index, follow, max-snippet:-1, max-image-preview:large, max-video-preview:-1\" \/>\n<link rel=\"canonical\" href=\"https:\/\/www.almega.se\/2018\/04\/medieforetagens-forbundsmote-13-september\/\" \/>\n<meta property=\"og:locale\" content=\"sv_SE\" \/>\n<meta property=\"og:type\" content=\"article\" \/>\n<meta property=\"og:title\" content=\"Medief\u00f6retagens f\u00f6rbundsm\u00f6te 13 september\" \/>\n<meta property=\"og:description\" content=\"Boka redan nu torsdagen den 13 september kl 17.00 f\u00f6r Medief\u00f6retagens f\u00f6rbundsm\u00f6te! Vi kommer att h\u00e5lla till i Fotografiska mus\u00e9ets lokaler och avsluta m\u00f6tet i Fotografiskas restaurang \u2013 som blivit utn\u00e4mnd till v\u00e4rldens b\u00e4sta museirestaurang &hellip;\" \/>\n<meta property=\"og:url\" content=\"https:\/\/www.almega.se\/2018\/04\/medieforetagens-forbundsmote-13-september\/\" \/>\n<meta property=\"og:site_name\" content=\"Almega\" \/>\n<meta property=\"article:published_time\" content=\"2018-04-17T13:40:35+00:00\" \/>\n<meta property=\"article:modified_time\" content=\"2018-04-17T13:43:07+00:00\" \/>\n<meta property=\"og:image\" content=\"https:\/\/www.almega.se\/app\/uploads\/2020\/12\/almega-share-logo.png\" \/>\n\t<meta property=\"og:image:width\" content=\"1200\" \/>\n\t<meta property=\"og:image:height\" content=\"630\" \/>\n\t<meta property=\"og:image:type\" content=\"image\/png\" \/>\n<meta name=\"author\" content=\"Wanda Sidfalk\" \/>\n<meta name=\"twitter:card\" content=\"summary_large_image\" \/>\n<meta name=\"twitter:label1\" content=\"Skriven av\" \/>\n\t<meta name=\"twitter:data1\" content=\"Wanda Sidfalk\" \/>\n<!-- \/ Yoast SEO Premium plugin. -->","yoast_head_json":{"title":"Medief\u00f6retagens f\u00f6rbundsm\u00f6te 13 september | Almega","robots":{"index":"index","follow":"follow","max-snippet":"max-snippet:-1","max-image-preview":"max-image-preview:large","max-video-preview":"max-video-preview:-1"},"canonical":"https:\/\/www.almega.se\/2018\/04\/medieforetagens-forbundsmote-13-september\/","og_locale":"sv_SE","og_type":"article","og_title":"Medief\u00f6retagens f\u00f6rbundsm\u00f6te 13 september","og_description":"Boka redan nu torsdagen den 13 september kl 17.00 f\u00f6r Medief\u00f6retagens f\u00f6rbundsm\u00f6te! Vi kommer att h\u00e5lla till i Fotografiska mus\u00e9ets lokaler och avsluta m\u00f6tet i Fotografiskas restaurang \u2013 som blivit utn\u00e4mnd till v\u00e4rldens b\u00e4sta museirestaurang &hellip;","og_url":"https:\/\/www.almega.se\/2018\/04\/medieforetagens-forbundsmote-13-september\/","og_site_name":"Almega","article_published_time":"2018-04-17T13:40:35+00:00","article_modified_time":"2018-04-17T13:43:07+00:00","og_image":[{"width":1200,"height":630,"url":"https:\/\/www.almega.se\/app\/uploads\/2020\/12\/almega-share-logo.png","type":"image\/png"}],"author":"Wanda Sidfalk","twitter_card":"summary_large_image","twitter_misc":{"Skriven av":"Wanda Sidfalk"},"schema":{"@context":"https:\/\/schema.org","@graph":[{"@type":"NewsArticle","@id":"https:\/\/www.almega.se\/2018\/04\/medieforetagens-forbundsmote-13-september\/#article","isPartOf":{"@id":"https:\/\/www.almega.se\/2018\/04\/medieforetagens-forbundsmote-13-september\/"},"author":{"name":"Wanda Sidfalk","@id":"https:\/\/www.almega.se\/#\/schema\/person\/be00d0d8eabf5eb47ed3a76e883e194e"},"headline":"Medie&shy;f\u00f6retagens f\u00f6rbundsm\u00f6te 13 september","datePublished":"2018-04-17T13:40:35+00:00","dateModified":"2018-04-17T13:43:07+00:00","mainEntityOfPage":{"@id":"https:\/\/www.almega.se\/2018\/04\/medieforetagens-forbundsmote-13-september\/"},"wordCount":70,"inLanguage":"sv-SE"},{"@type":"WebPage","@id":"https:\/\/www.almega.se\/2018\/04\/medieforetagens-forbundsmote-13-september\/","url":"https:\/\/www.almega.se\/2018\/04\/medieforetagens-forbundsmote-13-september\/","name":"Medief\u00f6retagens f\u00f6rbundsm\u00f6te 13 september | Almega","isPartOf":{"@id":"https:\/\/www.almega.se\/#website"},"datePublished":"2018-04-17T13:40:35+00:00","dateModified":"2018-04-17T13:43:07+00:00","author":{"@id":"https:\/\/www.almega.se\/#\/schema\/person\/be00d0d8eabf5eb47ed3a76e883e194e"},"breadcrumb":{"@id":"https:\/\/www.almega.se\/2018\/04\/medieforetagens-forbundsmote-13-september\/#breadcrumb"},"inLanguage":"sv-SE","potentialAction":[{"@type":"ReadAction","target":["https:\/\/www.almega.se\/2018\/04\/medieforetagens-forbundsmote-13-september\/"]}]},{"@type":"BreadcrumbList","@id":"https:\/\/www.almega.se\/2018\/04\/medieforetagens-forbundsmote-13-september\/#breadcrumb","itemListElement":[{"@type":"ListItem","position":1,"name":"Home","item":"https:\/\/www.almega.se\/"},{"@type":"ListItem","position":2,"name":"Medie&shy;f\u00f6retagens f\u00f6rbundsm\u00f6te 13 september"}]},{"@type":"WebSite","@id":"https:\/\/www.almega.se\/#website","url":"https:\/\/www.almega.se\/","name":"Almega","description":"","potentialAction":[{"@type":"SearchAction","target":{"@type":"EntryPoint","urlTemplate":"https:\/\/www.almega.se\/?s={search_term_string}"},"query-input":{"@type":"PropertyValueSpecification","valueRequired":true,"valueName":"search_term_string"}}],"inLanguage":"sv-SE"},{"@type":"Person","@id":"https:\/\/www.almega.se\/#\/schema\/person\/be00d0d8eabf5eb47ed3a76e883e194e","name":"Wanda Sidfalk","image":{"@type":"ImageObject","inLanguage":"sv-SE","@id":"https:\/\/www.almega.se\/#\/schema\/person\/image\/","url":"https:\/\/secure.gravatar.com\/avatar\/a0559aa5263c214d1ce37d4f3dad6172b54b2189f8ef50bf34b1b15dd4e974a1?s=96&d=mm&r=g","contentUrl":"https:\/\/secure.gravatar.com\/avatar\/a0559aa5263c214d1ce37d4f3dad6172b54b2189f8ef50bf34b1b15dd4e974a1?s=96&d=mm&r=g","caption":"Wanda Sidfalk"},"url":"https:\/\/www.almega.se\/person\/wandasidfalk\/"}]}},"_links":{"self":[{"href":"https:\/\/www.almega.se\/api\/wp\/v2\/posts\/16861","targetHints":{"allow":["GET"]}}],"collection":[{"href":"https:\/\/www.almega.se\/api\/wp\/v2\/posts"}],"about":[{"href":"https:\/\/www.almega.se\/api\/wp\/v2\/types\/post"}],"author":[{"embeddable":true,"href":"https:\/\/www.almega.se\/api\/wp\/v2\/users\/219"}],"replies":[{"embeddable":true,"href":"https:\/\/www.almega.se\/api\/wp\/v2\/comments?post=16861"}],"version-history":[{"count":0,"href":"https:\/\/www.almega.se\/api\/wp\/v2\/posts\/16861\/revisions"}],"wp:attachment":[{"href":"https:\/\/www.almega.se\/api\/wp\/v2\/media?parent=16861"}],"wp:term":[{"taxonomy":"category","embeddable":true,"href":"https:\/\/www.almega.se\/api\/wp\/v2\/categories?post=16861"},{"taxonomy":"post_tag","embeddable":true,"href":"https:\/\/www.almega.se\/api\/wp\/v2\/tags?post=16861"},{"taxonomy":"type","embeddable":true,"href":"https:\/\/www.almega.se\/api\/wp\/v2\/article_type?post=16861"},{"taxonomy":"agreement","embeddable":true,"href":"https:\/\/www.almega.se\/api\/wp\/v2\/agreement?post=16861"}],"curies":[{"name":"wp","href":"https:\/\/api.w.org\/{rel}","templated":true}]}}