{"id":16220,"date":"2018-03-07T13:19:14","date_gmt":"2018-03-07T12:19:14","guid":{"rendered":"https:\/\/www.almega.se\/?p=16220"},"modified":"2022-03-28T09:59:33","modified_gmt":"2022-03-28T07:59:33","slug":"medieforetagen-flexpension-tjansteforetagen","status":"publish","type":"post","link":"https:\/\/www.almega.se\/2018\/03\/medieforetagen-flexpension-tjansteforetagen\/","title":{"rendered":"Medie&shy;f\u00f6retagen &#8211; Flex&shy;pension i Tj\u00e4nste&shy;f\u00f6retagen"},"content":{"rendered":"\n<p class=\"intro\">Flexpension i Tj\u00e4nste\u00adf\u00f6retag inneb\u00e4r att en del av l\u00f6ne\u00f6kningarna avs\u00e4tts till en kompletterande pensionspremie. Fr\u00e5n den 1 november 2017 ska arbetsgivarna betala en flexpensionspremie om 0,2 procent av den pensionsmedf\u00f6rande l\u00f6nen f\u00f6r arbetstagarna. Flexpensionspremien h\u00f6js till 0,4 % vid n\u00e4sta l\u00f6nerevision, vars datum varierar i olika avtal.<\/p>\n<p>Collectum har meddelat att de inte kan p\u00e5b\u00f6rja debitering av flexpension f\u00f6r anst\u00e4llda som omfattas av ITP 2 f\u00f6r f\u00f6retag som har PP-pension. Fram till att problemet \u00e4r l\u00f6st blir allts\u00e5 debiteringen f\u00f6rsenad. Collectums bed\u00f6mning \u00e4r att debiteringen kan p\u00e5b\u00f6rjas f\u00f6rsta halv\u00e5ret 2018.<\/p>\n<p>N\u00e4r fakturering av flexpension v\u00e4l kan ske kommer f\u00f6retaget att f\u00e5 en st\u00f6rre faktura fr\u00e5n Collectum. Detta eftersom flexpensionspremierna kommer att faktureras retroaktivt. Det \u00e4r d\u00e4rf\u00f6r viktigt att reservera kostnaden motsvarande summan av 0,2 % av f\u00f6retagets pensionsmedf\u00f6rande l\u00f6n fr\u00e5n november 2017.<\/p>\n<p>N\u00e4r Almega vet mer om hanteringen av flexpension f\u00f6r f\u00f6retag som har PP-pension kommer ni att informeras.<\/p>\n<p>Om ni har n\u00e5gra fr\u00e5gor om ang\u00e5ende flexpension tveka inte att h\u00f6ra av er till n\u00e5gon av v\u00e5ra f\u00f6rhandlare eller l\u00e4s mer i\u00a0<a href=\"https:\/\/medlem.arbetsgivarguiden.se\/subjects\/38\">Arbetsgivarguiden<\/a>.<\/p>\n<p>&nbsp;<\/p>\n<p>&nbsp;<\/p>\n","protected":false},"excerpt":{"rendered":"<p>Flexpension i Tj\u00e4nste\u00adf\u00f6retag inneb\u00e4r att en del av l\u00f6ne\u00f6kningarna avs\u00e4tts till en kompletterande pensionspremie. Fr\u00e5n den 1 november 2017 ska arbetsgivarna betala en flexpensionspremie om 0,2 procent av den pensionsmedf\u00f6rande l\u00f6nen f\u00f6r arbetstagarna. Flexpensionspremien h\u00f6js &hellip;<\/p>\n","protected":false},"author":219,"featured_media":0,"comment_status":"closed","ping_status":"open","sticky":false,"template":"","format":"standard","meta":{"_acf_changed":false,"footnotes":""},"categories":[1],"tags":[],"article_type":[313],"agreement":[135,222,223],"class_list":["post-16220","post","type-post","status-publish","format-standard","hentry","category-okategoriserade","type-arbetsgivarnytt","agreement-a0dd9b4d-7a56-de11-bdb9-02bf9e69ca65","agreement-26ce80f7-ff07-de11-b4e1-02bf9e69ca65","agreement-68c1af9f-6b56-de11-bdb9-02bf9e69ca65"],"acf":[],"yoast_head":"<!-- This site is optimized with the Yoast SEO Premium plugin v26.8 (Yoast SEO v26.8) - https:\/\/yoast.com\/product\/yoast-seo-premium-wordpress\/ -->\n<title>Medief\u00f6retagen - Flexpension i Tj\u00e4nstef\u00f6retagen | Almega<\/title>\n<meta name=\"robots\" content=\"index, follow, max-snippet:-1, max-image-preview:large, max-video-preview:-1\" \/>\n<link rel=\"canonical\" href=\"https:\/\/www.almega.se\/2018\/03\/medieforetagen-flexpension-tjansteforetagen\/\" \/>\n<meta property=\"og:locale\" content=\"sv_SE\" \/>\n<meta property=\"og:type\" content=\"article\" \/>\n<meta property=\"og:title\" content=\"Medief\u00f6retagen - Flexpension i Tj\u00e4nstef\u00f6retagen\" \/>\n<meta property=\"og:description\" content=\"Flexpension i Tj\u00e4nste\u00adf\u00f6retag inneb\u00e4r att en del av l\u00f6ne\u00f6kningarna avs\u00e4tts till en kompletterande pensionspremie. Fr\u00e5n den 1 november 2017 ska arbetsgivarna betala en flexpensionspremie om 0,2 procent av den pensionsmedf\u00f6rande l\u00f6nen f\u00f6r arbetstagarna. Flexpensionspremien h\u00f6js &hellip;\" \/>\n<meta property=\"og:url\" content=\"https:\/\/www.almega.se\/2018\/03\/medieforetagen-flexpension-tjansteforetagen\/\" \/>\n<meta property=\"og:site_name\" content=\"Almega\" \/>\n<meta property=\"article:published_time\" content=\"2018-03-07T12:19:14+00:00\" \/>\n<meta property=\"article:modified_time\" content=\"2022-03-28T07:59:33+00:00\" \/>\n<meta property=\"og:image\" content=\"https:\/\/www.almega.se\/app\/uploads\/2020\/12\/almega-share-logo.png\" \/>\n\t<meta property=\"og:image:width\" content=\"1200\" \/>\n\t<meta property=\"og:image:height\" content=\"630\" \/>\n\t<meta property=\"og:image:type\" content=\"image\/png\" \/>\n<meta name=\"author\" content=\"Wanda Sidfalk\" \/>\n<meta name=\"twitter:card\" content=\"summary_large_image\" \/>\n<meta name=\"twitter:label1\" content=\"Skriven av\" \/>\n\t<meta name=\"twitter:data1\" content=\"Wanda Sidfalk\" \/>\n\t<meta name=\"twitter:label2\" content=\"Ber\u00e4knad l\u00e4stid\" \/>\n\t<meta name=\"twitter:data2\" content=\"1 minut\" \/>\n<!-- \/ Yoast SEO Premium plugin. -->","yoast_head_json":{"title":"Medief\u00f6retagen - Flexpension i Tj\u00e4nstef\u00f6retagen | Almega","robots":{"index":"index","follow":"follow","max-snippet":"max-snippet:-1","max-image-preview":"max-image-preview:large","max-video-preview":"max-video-preview:-1"},"canonical":"https:\/\/www.almega.se\/2018\/03\/medieforetagen-flexpension-tjansteforetagen\/","og_locale":"sv_SE","og_type":"article","og_title":"Medief\u00f6retagen - Flexpension i Tj\u00e4nstef\u00f6retagen","og_description":"Flexpension i Tj\u00e4nste\u00adf\u00f6retag inneb\u00e4r att en del av l\u00f6ne\u00f6kningarna avs\u00e4tts till en kompletterande pensionspremie. Fr\u00e5n den 1 november 2017 ska arbetsgivarna betala en flexpensionspremie om 0,2 procent av den pensionsmedf\u00f6rande l\u00f6nen f\u00f6r arbetstagarna. Flexpensionspremien h\u00f6js &hellip;","og_url":"https:\/\/www.almega.se\/2018\/03\/medieforetagen-flexpension-tjansteforetagen\/","og_site_name":"Almega","article_published_time":"2018-03-07T12:19:14+00:00","article_modified_time":"2022-03-28T07:59:33+00:00","og_image":[{"width":1200,"height":630,"url":"https:\/\/www.almega.se\/app\/uploads\/2020\/12\/almega-share-logo.png","type":"image\/png"}],"author":"Wanda Sidfalk","twitter_card":"summary_large_image","twitter_misc":{"Skriven av":"Wanda Sidfalk","Ber\u00e4knad l\u00e4stid":"1 minut"},"schema":{"@context":"https:\/\/schema.org","@graph":[{"@type":"NewsArticle","@id":"https:\/\/www.almega.se\/2018\/03\/medieforetagen-flexpension-tjansteforetagen\/#article","isPartOf":{"@id":"https:\/\/www.almega.se\/2018\/03\/medieforetagen-flexpension-tjansteforetagen\/"},"author":{"name":"Wanda Sidfalk","@id":"https:\/\/www.almega.se\/#\/schema\/person\/be00d0d8eabf5eb47ed3a76e883e194e"},"headline":"Medie&shy;f\u00f6retagen &#8211; Flex&shy;pension i Tj\u00e4nste&shy;f\u00f6retagen","datePublished":"2018-03-07T12:19:14+00:00","dateModified":"2022-03-28T07:59:33+00:00","mainEntityOfPage":{"@id":"https:\/\/www.almega.se\/2018\/03\/medieforetagen-flexpension-tjansteforetagen\/"},"wordCount":222,"inLanguage":"sv-SE"},{"@type":"WebPage","@id":"https:\/\/www.almega.se\/2018\/03\/medieforetagen-flexpension-tjansteforetagen\/","url":"https:\/\/www.almega.se\/2018\/03\/medieforetagen-flexpension-tjansteforetagen\/","name":"Medief\u00f6retagen - Flexpension i Tj\u00e4nstef\u00f6retagen | Almega","isPartOf":{"@id":"https:\/\/www.almega.se\/#website"},"datePublished":"2018-03-07T12:19:14+00:00","dateModified":"2022-03-28T07:59:33+00:00","author":{"@id":"https:\/\/www.almega.se\/#\/schema\/person\/be00d0d8eabf5eb47ed3a76e883e194e"},"breadcrumb":{"@id":"https:\/\/www.almega.se\/2018\/03\/medieforetagen-flexpension-tjansteforetagen\/#breadcrumb"},"inLanguage":"sv-SE","potentialAction":[{"@type":"ReadAction","target":["https:\/\/www.almega.se\/2018\/03\/medieforetagen-flexpension-tjansteforetagen\/"]}]},{"@type":"BreadcrumbList","@id":"https:\/\/www.almega.se\/2018\/03\/medieforetagen-flexpension-tjansteforetagen\/#breadcrumb","itemListElement":[{"@type":"ListItem","position":1,"name":"Home","item":"https:\/\/www.almega.se\/"},{"@type":"ListItem","position":2,"name":"Medie&shy;f\u00f6retagen &#8211; Flex&shy;pension i Tj\u00e4nste&shy;f\u00f6retagen"}]},{"@type":"WebSite","@id":"https:\/\/www.almega.se\/#website","url":"https:\/\/www.almega.se\/","name":"Almega","description":"","potentialAction":[{"@type":"SearchAction","target":{"@type":"EntryPoint","urlTemplate":"https:\/\/www.almega.se\/?s={search_term_string}"},"query-input":{"@type":"PropertyValueSpecification","valueRequired":true,"valueName":"search_term_string"}}],"inLanguage":"sv-SE"},{"@type":"Person","@id":"https:\/\/www.almega.se\/#\/schema\/person\/be00d0d8eabf5eb47ed3a76e883e194e","name":"Wanda Sidfalk","image":{"@type":"ImageObject","inLanguage":"sv-SE","@id":"https:\/\/www.almega.se\/#\/schema\/person\/image\/","url":"https:\/\/secure.gravatar.com\/avatar\/a0559aa5263c214d1ce37d4f3dad6172b54b2189f8ef50bf34b1b15dd4e974a1?s=96&d=mm&r=g","contentUrl":"https:\/\/secure.gravatar.com\/avatar\/a0559aa5263c214d1ce37d4f3dad6172b54b2189f8ef50bf34b1b15dd4e974a1?s=96&d=mm&r=g","caption":"Wanda Sidfalk"},"url":"https:\/\/www.almega.se\/person\/wandasidfalk\/"}]}},"_links":{"self":[{"href":"https:\/\/www.almega.se\/api\/wp\/v2\/posts\/16220","targetHints":{"allow":["GET"]}}],"collection":[{"href":"https:\/\/www.almega.se\/api\/wp\/v2\/posts"}],"about":[{"href":"https:\/\/www.almega.se\/api\/wp\/v2\/types\/post"}],"author":[{"embeddable":true,"href":"https:\/\/www.almega.se\/api\/wp\/v2\/users\/219"}],"replies":[{"embeddable":true,"href":"https:\/\/www.almega.se\/api\/wp\/v2\/comments?post=16220"}],"version-history":[{"count":0,"href":"https:\/\/www.almega.se\/api\/wp\/v2\/posts\/16220\/revisions"}],"wp:attachment":[{"href":"https:\/\/www.almega.se\/api\/wp\/v2\/media?parent=16220"}],"wp:term":[{"taxonomy":"category","embeddable":true,"href":"https:\/\/www.almega.se\/api\/wp\/v2\/categories?post=16220"},{"taxonomy":"post_tag","embeddable":true,"href":"https:\/\/www.almega.se\/api\/wp\/v2\/tags?post=16220"},{"taxonomy":"type","embeddable":true,"href":"https:\/\/www.almega.se\/api\/wp\/v2\/article_type?post=16220"},{"taxonomy":"agreement","embeddable":true,"href":"https:\/\/www.almega.se\/api\/wp\/v2\/agreement?post=16220"}],"curies":[{"name":"wp","href":"https:\/\/api.w.org\/{rel}","templated":true}]}}