{"id":15601,"date":"2018-02-07T17:34:29","date_gmt":"2018-02-07T16:34:29","guid":{"rendered":"https:\/\/www.almega.se\/?p=15601"},"modified":"2022-03-28T09:52:26","modified_gmt":"2022-03-28T07:52:26","slug":"tjansteforetagen-personuppgiftsbitradesavtal-mellan-arbetsgivare-och-fackforeningar-ska-inte-tecknas","status":"publish","type":"post","link":"https:\/\/www.almega.se\/2018\/02\/tjansteforetagen-personuppgiftsbitradesavtal-mellan-arbetsgivare-och-fackforeningar-ska-inte-tecknas\/","title":{"rendered":"Tj\u00e4nste&shy;f\u00f6retagen &#8211; Personuppgiftsbitr\u00e4desavtal mellan arbetsgivare och fackf\u00f6reningar ska inte tecknas"},"content":{"rendered":"\n<p class=\"intro\">Personuppgiftsbitr\u00e4desavtal tecknas mellan en personuppgiftsansvarig och en fysisk eller juridisk person som behandlar personuppgifter f\u00f6r den ansvariges r\u00e4kning, ett s k personuppgiftsbitr\u00e4de. Arbetsgivare ska inte teckna bitr\u00e4desavtal med fackf\u00f6reningar f\u00f6r \u00f6verf\u00f6ringar av exempelvis personnummer och fackligt medlemskap mellan parterna eftersom arbetsgivare \u00e4ven utan s\u00e5dant avtal har en laglig r\u00e4tt att behandla s\u00e5dana personuppgifter och g\u00f6r det f\u00f6r sin egen r\u00e4kning.<\/p>\n<p>Almega har f\u00e5tt k\u00e4nnedom om att medlemsf\u00f6retag i januari 2018 har f\u00e5tt utskick fr\u00e5n viss fackf\u00f6rening ang\u00e5ende hantering av uppgifter om fackligt medlemskap. Fackf\u00f6reningen p\u00e5st\u00e5r att arbetsgivare m\u00e5ste teckna personuppgiftsbitr\u00e4desavtal med dem p\u00e5 grund av att uppgifter om personnummer och fackligt medlemskap beh\u00f6ver \u00f6verl\u00e4mnas mellan parterna. Almega delar inte denna uppfattning och vill med anledning av utskicket klarg\u00f6ra f\u00f6ljande.<\/p>\n<p>Ett personuppgiftsbitr\u00e4desavtal tecknas mellan en personuppgiftsansvarig och en fysisk eller juridisk person som hanterar personuppgifter f\u00f6r den personuppgiftsansvariges r\u00e4kning. Dataskyddsf\u00f6rordningen anger flera villkor som avtalet ska inneh\u00e5lla. Personuppgiftsbitr\u00e4det f\u00e5r inte behandla personuppgifterna p\u00e5 annat s\u00e4tt \u00e4n enligt de instruktioner som den personuppgiftsansvarige best\u00e4mt. Typexemplet inom arbetsr\u00e4tten d\u00e5 ett s\u00e5dant avtal ska tecknas \u00e4r n\u00e4r en arbetsgivare v\u00e4ljer att l\u00e5ta en utomst\u00e5ende l\u00f6nekonsult sk\u00f6ta arbetsgivarens l\u00f6nehantering. L\u00f6nekonsulten administrerar och sk\u00f6ter utbetalning av l\u00f6n f\u00f6r arbetsgivaren r\u00e4kning, varvid ett bitr\u00e4desavtal ska tecknas.<\/p>\n<p>Det \u00e4r riktigt att fackligt medlemskap \u00e4r en k\u00e4nslig personuppgift, s\u00e5v\u00e4l enligt personuppgiftslagen (PuL) som Dataskyddsf\u00f6rordningen som ers\u00e4tter PuL genom dess ikrafttr\u00e4dande den 25 maj 2018. Arbetsgivare har dock en laglig r\u00e4tt att behandla uppgifter om anst\u00e4lldas fackliga medlemskap f\u00f6r att fullg\u00f6ra respektive ut\u00f6va skyldigheter och r\u00e4ttigheter enligt arbetsr\u00e4tten. Med anledning av s\u00e5dana skyldigheter och r\u00e4ttigheter till\u00e5ts \u00e4ven arbetsgivare och fackf\u00f6reningar att \u00f6verl\u00e4mna samt ta emot uppgifter om anst\u00e4lldas fackliga medlemskap mellan sig.<\/p>\n<p><strong>Almega vill understryka att personuppgiftsbitr\u00e4desavtal inte ska uppr\u00e4ttas mellan arbetsgivare och fackf\u00f6reningar med anledning av l\u00f6ne\u00f6versyn eller andra kollektivavtalade eller lagliga skyldigheter och r\u00e4ttigheter mellan parterna. Det \u00e4r s\u00e5ledes inte korrekt att ett personuppgiftsbitr\u00e4desavtal \u00e4r en f\u00f6ruts\u00e4ttning f\u00f6r att personuppgifter mellan arbetsgivare och en fackf\u00f6rening ska kunna \u00f6verl\u00e4mnas.<\/strong><\/p>\n<p>En arbetsgivare ska inte teckna personuppgiftsbitr\u00e4desavtal med en fackf\u00f6rening eftersom arbetsgivaren inte hanterar personuppgifter f\u00f6r fackf\u00f6reningens r\u00e4kning. Arbetsgivaren hanterar uppgifter om fackligt medlemskap f\u00f6r sin egen r\u00e4kning, eftersom arbetsgivaren har egna r\u00e4ttigheter och skyldigheter i f\u00f6rh\u00e5llande till bl a sina avtalsmotparter, d v s de kollektivavtalsslutande fackf\u00f6reningarna och deras medlemmar.<\/p>\n","protected":false},"excerpt":{"rendered":"<p>Personuppgiftsbitr\u00e4desavtal tecknas mellan en personuppgiftsansvarig och en fysisk eller juridisk person som behandlar personuppgifter f\u00f6r den ansvariges r\u00e4kning, ett s k personuppgiftsbitr\u00e4de. Arbetsgivare ska inte teckna bitr\u00e4desavtal med fackf\u00f6reningar f\u00f6r \u00f6verf\u00f6ringar av exempelvis personnummer och &hellip;<\/p>\n","protected":false},"author":219,"featured_media":0,"comment_status":"closed","ping_status":"open","sticky":false,"template":"","format":"standard","meta":{"_acf_changed":false,"footnotes":""},"categories":[1],"tags":[],"article_type":[313],"agreement":[174,190,130,131,133,134,138,186,146,161,246,167,170,177,183,184,188,195,196,197,207,205,206,214,187,219,227,229,107,189,237,241],"class_list":["post-15601","post","type-post","status-publish","format-standard","hentry","category-okategoriserade","type-arbetsgivarnytt","agreement-a1c8f241-0761-e011-a194-02bf9e69ca65","agreement-a6e84646-06ab-e611-8108-003dd8b71e47","agreement-4ace80f7-ff07-de11-b4e1-02bf9e69ca65","agreement-5bd980a8-f612-de11-b4e1-02bf9e69ca65","agreement-91c18dfe-fd12-de11-b4e1-02bf9e69ca65","agreement-58ce80f7-ff07-de11-b4e1-02bf9e69ca65","agreement-4bce80f7-ff07-de11-b4e1-02bf9e69ca65","agreement-45ce80f7-ff07-de11-b4e1-02bf9e69ca65","agreement-47ce80f7-ff07-de11-b4e1-02bf9e69ca65","agreement-5dce80f7-ff07-de11-b4e1-02bf9e69ca65","agreement-d7532451-e4a4-e711-810e-003dd8b71e49","agreement-6bce80f7-ff07-de11-b4e1-02bf9e69ca65","agreement-ff73fbfd-74c6-e111-9e82-005056b20fd8","agreement-52ce80f7-ff07-de11-b4e1-02bf9e69ca65","agreement-5ece80f7-ff07-de11-b4e1-02bf9e69ca65","agreement-5fce80f7-ff07-de11-b4e1-02bf9e69ca65","agreement-4bb0699c-fd12-de11-b4e1-02bf9e69ca65","agreement-5ace80f7-ff07-de11-b4e1-02bf9e69ca65","agreement-55ce80f7-ff07-de11-b4e1-02bf9e69ca65","agreement-4dce80f7-ff07-de11-b4e1-02bf9e69ca65","agreement-43ce80f7-ff07-de11-b4e1-02bf9e69ca65","agreement-44ce80f7-ff07-de11-b4e1-02bf9e69ca65","agreement-9277b1e1-28ad-e011-8875-005056b20278","agreement-46ce80f7-ff07-de11-b4e1-02bf9e69ca65","agreement-42ce80f7-ff07-de11-b4e1-02bf9e69ca65","agreement-49ce80f7-ff07-de11-b4e1-02bf9e69ca65","agreement-59ce80f7-ff07-de11-b4e1-02bf9e69ca65","agreement-53ce80f7-ff07-de11-b4e1-02bf9e69ca65","agreement-4cce80f7-ff07-de11-b4e1-02bf9e69ca65","agreement-4fce80f7-ff07-de11-b4e1-02bf9e69ca65","agreement-60ce80f7-ff07-de11-b4e1-02bf9e69ca65","agreement-66ce80f7-ff07-de11-b4e1-02bf9e69ca65"],"acf":[],"yoast_head":"<!-- This site is optimized with the Yoast SEO Premium plugin v26.8 (Yoast SEO v26.8) - https:\/\/yoast.com\/product\/yoast-seo-premium-wordpress\/ -->\n<title>Tj\u00e4nstef\u00f6retagen - Personuppgiftsbitr\u00e4desavtal mellan arbetsgivare och fackf\u00f6reningar ska inte tecknas | Almega<\/title>\n<meta name=\"robots\" content=\"index, follow, max-snippet:-1, max-image-preview:large, max-video-preview:-1\" \/>\n<link rel=\"canonical\" href=\"https:\/\/www.almega.se\/2018\/02\/tjansteforetagen-personuppgiftsbitradesavtal-mellan-arbetsgivare-och-fackforeningar-ska-inte-tecknas\/\" \/>\n<meta property=\"og:locale\" content=\"sv_SE\" \/>\n<meta property=\"og:type\" content=\"article\" \/>\n<meta property=\"og:title\" content=\"Tj\u00e4nstef\u00f6retagen - Personuppgiftsbitr\u00e4desavtal mellan arbetsgivare och fackf\u00f6reningar ska inte tecknas\" \/>\n<meta property=\"og:description\" content=\"Personuppgiftsbitr\u00e4desavtal tecknas mellan en personuppgiftsansvarig och en fysisk eller juridisk person som behandlar personuppgifter f\u00f6r den ansvariges r\u00e4kning, ett s k personuppgiftsbitr\u00e4de. Arbetsgivare ska inte teckna bitr\u00e4desavtal med fackf\u00f6reningar f\u00f6r \u00f6verf\u00f6ringar av exempelvis personnummer och &hellip;\" \/>\n<meta property=\"og:url\" content=\"https:\/\/www.almega.se\/2018\/02\/tjansteforetagen-personuppgiftsbitradesavtal-mellan-arbetsgivare-och-fackforeningar-ska-inte-tecknas\/\" \/>\n<meta property=\"og:site_name\" content=\"Almega\" \/>\n<meta property=\"article:published_time\" content=\"2018-02-07T16:34:29+00:00\" \/>\n<meta property=\"article:modified_time\" content=\"2022-03-28T07:52:26+00:00\" \/>\n<meta property=\"og:image\" content=\"https:\/\/www.almega.se\/app\/uploads\/2020\/12\/almega-share-logo.png\" \/>\n\t<meta property=\"og:image:width\" content=\"1200\" \/>\n\t<meta property=\"og:image:height\" content=\"630\" \/>\n\t<meta property=\"og:image:type\" content=\"image\/png\" \/>\n<meta name=\"author\" content=\"Wanda Sidfalk\" \/>\n<meta name=\"twitter:card\" content=\"summary_large_image\" \/>\n<meta name=\"twitter:label1\" content=\"Skriven av\" \/>\n\t<meta name=\"twitter:data1\" content=\"Wanda Sidfalk\" \/>\n\t<meta name=\"twitter:label2\" content=\"Ber\u00e4knad l\u00e4stid\" \/>\n\t<meta name=\"twitter:data2\" content=\"2 minuter\" \/>\n<!-- \/ Yoast SEO Premium plugin. -->","yoast_head_json":{"title":"Tj\u00e4nstef\u00f6retagen - Personuppgiftsbitr\u00e4desavtal mellan arbetsgivare och fackf\u00f6reningar ska inte tecknas | Almega","robots":{"index":"index","follow":"follow","max-snippet":"max-snippet:-1","max-image-preview":"max-image-preview:large","max-video-preview":"max-video-preview:-1"},"canonical":"https:\/\/www.almega.se\/2018\/02\/tjansteforetagen-personuppgiftsbitradesavtal-mellan-arbetsgivare-och-fackforeningar-ska-inte-tecknas\/","og_locale":"sv_SE","og_type":"article","og_title":"Tj\u00e4nstef\u00f6retagen - Personuppgiftsbitr\u00e4desavtal mellan arbetsgivare och fackf\u00f6reningar ska inte tecknas","og_description":"Personuppgiftsbitr\u00e4desavtal tecknas mellan en personuppgiftsansvarig och en fysisk eller juridisk person som behandlar personuppgifter f\u00f6r den ansvariges r\u00e4kning, ett s k personuppgiftsbitr\u00e4de. Arbetsgivare ska inte teckna bitr\u00e4desavtal med fackf\u00f6reningar f\u00f6r \u00f6verf\u00f6ringar av exempelvis personnummer och &hellip;","og_url":"https:\/\/www.almega.se\/2018\/02\/tjansteforetagen-personuppgiftsbitradesavtal-mellan-arbetsgivare-och-fackforeningar-ska-inte-tecknas\/","og_site_name":"Almega","article_published_time":"2018-02-07T16:34:29+00:00","article_modified_time":"2022-03-28T07:52:26+00:00","og_image":[{"width":1200,"height":630,"url":"https:\/\/www.almega.se\/app\/uploads\/2020\/12\/almega-share-logo.png","type":"image\/png"}],"author":"Wanda Sidfalk","twitter_card":"summary_large_image","twitter_misc":{"Skriven av":"Wanda Sidfalk","Ber\u00e4knad l\u00e4stid":"2 minuter"},"schema":{"@context":"https:\/\/schema.org","@graph":[{"@type":"NewsArticle","@id":"https:\/\/www.almega.se\/2018\/02\/tjansteforetagen-personuppgiftsbitradesavtal-mellan-arbetsgivare-och-fackforeningar-ska-inte-tecknas\/#article","isPartOf":{"@id":"https:\/\/www.almega.se\/2018\/02\/tjansteforetagen-personuppgiftsbitradesavtal-mellan-arbetsgivare-och-fackforeningar-ska-inte-tecknas\/"},"author":{"name":"Wanda Sidfalk","@id":"https:\/\/www.almega.se\/#\/schema\/person\/be00d0d8eabf5eb47ed3a76e883e194e"},"headline":"Tj\u00e4nste&shy;f\u00f6retagen &#8211; Personuppgiftsbitr\u00e4desavtal mellan arbetsgivare och fackf\u00f6reningar ska inte tecknas","datePublished":"2018-02-07T16:34:29+00:00","dateModified":"2022-03-28T07:52:26+00:00","mainEntityOfPage":{"@id":"https:\/\/www.almega.se\/2018\/02\/tjansteforetagen-personuppgiftsbitradesavtal-mellan-arbetsgivare-och-fackforeningar-ska-inte-tecknas\/"},"wordCount":478,"inLanguage":"sv-SE"},{"@type":"WebPage","@id":"https:\/\/www.almega.se\/2018\/02\/tjansteforetagen-personuppgiftsbitradesavtal-mellan-arbetsgivare-och-fackforeningar-ska-inte-tecknas\/","url":"https:\/\/www.almega.se\/2018\/02\/tjansteforetagen-personuppgiftsbitradesavtal-mellan-arbetsgivare-och-fackforeningar-ska-inte-tecknas\/","name":"Tj\u00e4nstef\u00f6retagen - Personuppgiftsbitr\u00e4desavtal mellan arbetsgivare och fackf\u00f6reningar ska inte tecknas | Almega","isPartOf":{"@id":"https:\/\/www.almega.se\/#website"},"datePublished":"2018-02-07T16:34:29+00:00","dateModified":"2022-03-28T07:52:26+00:00","author":{"@id":"https:\/\/www.almega.se\/#\/schema\/person\/be00d0d8eabf5eb47ed3a76e883e194e"},"breadcrumb":{"@id":"https:\/\/www.almega.se\/2018\/02\/tjansteforetagen-personuppgiftsbitradesavtal-mellan-arbetsgivare-och-fackforeningar-ska-inte-tecknas\/#breadcrumb"},"inLanguage":"sv-SE","potentialAction":[{"@type":"ReadAction","target":["https:\/\/www.almega.se\/2018\/02\/tjansteforetagen-personuppgiftsbitradesavtal-mellan-arbetsgivare-och-fackforeningar-ska-inte-tecknas\/"]}]},{"@type":"BreadcrumbList","@id":"https:\/\/www.almega.se\/2018\/02\/tjansteforetagen-personuppgiftsbitradesavtal-mellan-arbetsgivare-och-fackforeningar-ska-inte-tecknas\/#breadcrumb","itemListElement":[{"@type":"ListItem","position":1,"name":"Home","item":"https:\/\/www.almega.se\/"},{"@type":"ListItem","position":2,"name":"Tj\u00e4nste&shy;f\u00f6retagen &#8211; Personuppgiftsbitr\u00e4desavtal mellan arbetsgivare och fackf\u00f6reningar ska inte tecknas"}]},{"@type":"WebSite","@id":"https:\/\/www.almega.se\/#website","url":"https:\/\/www.almega.se\/","name":"Almega","description":"","potentialAction":[{"@type":"SearchAction","target":{"@type":"EntryPoint","urlTemplate":"https:\/\/www.almega.se\/?s={search_term_string}"},"query-input":{"@type":"PropertyValueSpecification","valueRequired":true,"valueName":"search_term_string"}}],"inLanguage":"sv-SE"},{"@type":"Person","@id":"https:\/\/www.almega.se\/#\/schema\/person\/be00d0d8eabf5eb47ed3a76e883e194e","name":"Wanda Sidfalk","image":{"@type":"ImageObject","inLanguage":"sv-SE","@id":"https:\/\/www.almega.se\/#\/schema\/person\/image\/","url":"https:\/\/secure.gravatar.com\/avatar\/a0559aa5263c214d1ce37d4f3dad6172b54b2189f8ef50bf34b1b15dd4e974a1?s=96&d=mm&r=g","contentUrl":"https:\/\/secure.gravatar.com\/avatar\/a0559aa5263c214d1ce37d4f3dad6172b54b2189f8ef50bf34b1b15dd4e974a1?s=96&d=mm&r=g","caption":"Wanda Sidfalk"},"url":"https:\/\/www.almega.se\/person\/wandasidfalk\/"}]}},"_links":{"self":[{"href":"https:\/\/www.almega.se\/api\/wp\/v2\/posts\/15601","targetHints":{"allow":["GET"]}}],"collection":[{"href":"https:\/\/www.almega.se\/api\/wp\/v2\/posts"}],"about":[{"href":"https:\/\/www.almega.se\/api\/wp\/v2\/types\/post"}],"author":[{"embeddable":true,"href":"https:\/\/www.almega.se\/api\/wp\/v2\/users\/219"}],"replies":[{"embeddable":true,"href":"https:\/\/www.almega.se\/api\/wp\/v2\/comments?post=15601"}],"version-history":[{"count":0,"href":"https:\/\/www.almega.se\/api\/wp\/v2\/posts\/15601\/revisions"}],"wp:attachment":[{"href":"https:\/\/www.almega.se\/api\/wp\/v2\/media?parent=15601"}],"wp:term":[{"taxonomy":"category","embeddable":true,"href":"https:\/\/www.almega.se\/api\/wp\/v2\/categories?post=15601"},{"taxonomy":"post_tag","embeddable":true,"href":"https:\/\/www.almega.se\/api\/wp\/v2\/tags?post=15601"},{"taxonomy":"type","embeddable":true,"href":"https:\/\/www.almega.se\/api\/wp\/v2\/article_type?post=15601"},{"taxonomy":"agreement","embeddable":true,"href":"https:\/\/www.almega.se\/api\/wp\/v2\/agreement?post=15601"}],"curies":[{"name":"wp","href":"https:\/\/api.w.org\/{rel}","templated":true}]}}