{"id":15136,"date":"2018-01-19T07:00:37","date_gmt":"2018-01-19T06:00:37","guid":{"rendered":"https:\/\/www.almega.se\/?p=15136"},"modified":"2018-01-19T07:00:37","modified_gmt":"2018-01-19T06:00:37","slug":"sverige-stanger-dorren-kompetensinvandring","status":"publish","type":"post","link":"https:\/\/www.almega.se\/2018\/01\/sverige-stanger-dorren-kompetensinvandring\/","title":{"rendered":"Ny rapport -Sverige st\u00e4nger d\u00f6rren f\u00f6r kompetens&shy;invandring"},"content":{"rendered":"\n<p class=\"intro\">Den internationella kampen om talangerna \u00e4r knivskarp.<br \/>\nOm Sverige ska st\u00e5 sig i turbokonkurrensen s\u00e5 m\u00e5ste vi bli ett mer v\u00e4lkomnande land f\u00f6r kompetensinvandrare.<\/p>\n<p>Den tilltagande kompetensbristen p\u00e5 arbetsmarknaden \u00e4r ett v\u00e4xande hot mot tillv\u00e4xten i tj\u00e4nstesektorn och mot Sveriges v\u00e4xande v\u00e4lf\u00e4rds\u00e5taganden. Efterfr\u00e5gan p\u00e5 arbetskraft \u00e4r redan h\u00f6g och \u00f6kar kraftigt fram till 2035 samtidigt som antalet inrikes f\u00f6dda i arbetsf\u00f6r \u00e5lder minskar. Samtidigt brister matchningen p\u00e5 arbetsmarknaden och dimensioneringen av utbildningen. Den snabbaste och smidigaste l\u00f6sningen \u00e4r att \u00f6ka kompetensinvandringen.<\/p>\n<p><a href=\"https:\/\/www.almega.se\/app\/uploads\/2018\/01\/sverige-stanger-dorren-for-arbetskraftsinvandring-almega-jan-2018.pdf\" target=\"_blank\" rel=\"noopener\">L\u00e4s hela rapporten h\u00e4r<\/a>\n","protected":false},"excerpt":{"rendered":"<p>Den internationella kampen om talangerna \u00e4r knivskarp. Om Sverige ska st\u00e5 sig i turbokonkurrensen s\u00e5 m\u00e5ste vi bli ett mer v\u00e4lkomnande land f\u00f6r kompetensinvandrare. Den tilltagande kompetensbristen p\u00e5 arbetsmarknaden \u00e4r ett v\u00e4xande hot mot tillv\u00e4xten &hellip;<\/p>\n","protected":false},"author":3,"featured_media":15140,"comment_status":"closed","ping_status":"open","sticky":false,"template":"","format":"standard","meta":{"_acf_changed":false,"footnotes":""},"categories":[64,419],"tags":[72],"article_type":[42],"agreement":[],"class_list":["post-15136","post","type-post","status-publish","format-standard","has-post-thumbnail","hentry","category-arbetsmarknad","category-kompetensforsorjning","tag-kompetensinvandring","type-rapporter"],"acf":[],"yoast_head":"<!-- This site is optimized with the Yoast SEO Premium plugin v26.8 (Yoast SEO v26.8) - https:\/\/yoast.com\/product\/yoast-seo-premium-wordpress\/ -->\n<title>Ny rapport -Sverige st\u00e4nger d\u00f6rren f\u00f6r kompetensinvandring | Almega<\/title>\n<meta name=\"description\" content=\"Om Sverige ska st\u00e5 sig i turbokonkurrensen m\u00e5ste vi bli ett mer v\u00e4lkomnande land f\u00f6r kompetensinvandring. L\u00e4s v\u00e5r rapport h\u00e4r.\" \/>\n<meta name=\"robots\" content=\"index, follow, max-snippet:-1, max-image-preview:large, max-video-preview:-1\" \/>\n<link rel=\"canonical\" href=\"https:\/\/www.almega.se\/2018\/01\/sverige-stanger-dorren-kompetensinvandring\/\" \/>\n<meta property=\"og:locale\" content=\"sv_SE\" \/>\n<meta property=\"og:type\" content=\"article\" \/>\n<meta property=\"og:title\" content=\"Ny rapport -Sverige st\u00e4nger d\u00f6rren f\u00f6r kompetensinvandring\" \/>\n<meta property=\"og:description\" content=\"Om Sverige ska st\u00e5 sig i turbokonkurrensen m\u00e5ste vi bli ett mer v\u00e4lkomnande land f\u00f6r kompetensinvandring. L\u00e4s v\u00e5r rapport h\u00e4r.\" \/>\n<meta property=\"og:url\" content=\"https:\/\/www.almega.se\/2018\/01\/sverige-stanger-dorren-kompetensinvandring\/\" \/>\n<meta property=\"og:site_name\" content=\"Almega\" \/>\n<meta property=\"article:published_time\" content=\"2018-01-19T06:00:37+00:00\" \/>\n<meta property=\"og:image\" content=\"https:\/\/www.almega.se\/app\/uploads\/2018\/01\/people.jpg\" \/>\n\t<meta property=\"og:image:width\" content=\"3548\" \/>\n\t<meta property=\"og:image:height\" content=\"1956\" \/>\n\t<meta property=\"og:image:type\" content=\"image\/jpeg\" \/>\n<meta name=\"author\" content=\"Julia Schwamberg\" \/>\n<meta name=\"twitter:card\" content=\"summary_large_image\" \/>\n<meta name=\"twitter:label1\" content=\"Skriven av\" \/>\n\t<meta name=\"twitter:data1\" content=\"Julia Schwamberg\" \/>\n\t<meta name=\"twitter:label2\" content=\"Ber\u00e4knad l\u00e4stid\" \/>\n\t<meta name=\"twitter:data2\" content=\"1 minut\" \/>\n<!-- \/ Yoast SEO Premium plugin. -->","yoast_head_json":{"title":"Ny rapport -Sverige st\u00e4nger d\u00f6rren f\u00f6r kompetensinvandring | Almega","description":"Om Sverige ska st\u00e5 sig i turbokonkurrensen m\u00e5ste vi bli ett mer v\u00e4lkomnande land f\u00f6r kompetensinvandring. L\u00e4s v\u00e5r rapport h\u00e4r.","robots":{"index":"index","follow":"follow","max-snippet":"max-snippet:-1","max-image-preview":"max-image-preview:large","max-video-preview":"max-video-preview:-1"},"canonical":"https:\/\/www.almega.se\/2018\/01\/sverige-stanger-dorren-kompetensinvandring\/","og_locale":"sv_SE","og_type":"article","og_title":"Ny rapport -Sverige st\u00e4nger d\u00f6rren f\u00f6r kompetensinvandring","og_description":"Om Sverige ska st\u00e5 sig i turbokonkurrensen m\u00e5ste vi bli ett mer v\u00e4lkomnande land f\u00f6r kompetensinvandring. L\u00e4s v\u00e5r rapport h\u00e4r.","og_url":"https:\/\/www.almega.se\/2018\/01\/sverige-stanger-dorren-kompetensinvandring\/","og_site_name":"Almega","article_published_time":"2018-01-19T06:00:37+00:00","og_image":[{"width":3548,"height":1956,"url":"https:\/\/www.almega.se\/app\/uploads\/2018\/01\/people.jpg","type":"image\/jpeg"}],"author":"Julia Schwamberg","twitter_card":"summary_large_image","twitter_misc":{"Skriven av":"Julia Schwamberg","Ber\u00e4knad l\u00e4stid":"1 minut"},"schema":{"@context":"https:\/\/schema.org","@graph":[{"@type":"NewsArticle","@id":"https:\/\/www.almega.se\/2018\/01\/sverige-stanger-dorren-kompetensinvandring\/#article","isPartOf":{"@id":"https:\/\/www.almega.se\/2018\/01\/sverige-stanger-dorren-kompetensinvandring\/"},"author":{"name":"Julia Schwamberg","@id":"https:\/\/www.almega.se\/#\/schema\/person\/efcc735e9c1ba0f9de79e69dc5be5f8a"},"headline":"Ny rapport -Sverige st\u00e4nger d\u00f6rren f\u00f6r kompetens&shy;invandring","datePublished":"2018-01-19T06:00:37+00:00","mainEntityOfPage":{"@id":"https:\/\/www.almega.se\/2018\/01\/sverige-stanger-dorren-kompetensinvandring\/"},"wordCount":111,"image":{"@id":"https:\/\/www.almega.se\/2018\/01\/sverige-stanger-dorren-kompetensinvandring\/#primaryimage"},"thumbnailUrl":"https:\/\/www.almega.se\/app\/uploads\/2018\/01\/people.jpg","keywords":["Kompetensinvandring"],"articleSection":["Arbetsmarknad","Kompetensf\u00f6rs\u00f6rjning"],"inLanguage":"sv-SE"},{"@type":"WebPage","@id":"https:\/\/www.almega.se\/2018\/01\/sverige-stanger-dorren-kompetensinvandring\/","url":"https:\/\/www.almega.se\/2018\/01\/sverige-stanger-dorren-kompetensinvandring\/","name":"Ny rapport -Sverige st\u00e4nger d\u00f6rren f\u00f6r kompetensinvandring | Almega","isPartOf":{"@id":"https:\/\/www.almega.se\/#website"},"primaryImageOfPage":{"@id":"https:\/\/www.almega.se\/2018\/01\/sverige-stanger-dorren-kompetensinvandring\/#primaryimage"},"image":{"@id":"https:\/\/www.almega.se\/2018\/01\/sverige-stanger-dorren-kompetensinvandring\/#primaryimage"},"thumbnailUrl":"https:\/\/www.almega.se\/app\/uploads\/2018\/01\/people.jpg","datePublished":"2018-01-19T06:00:37+00:00","author":{"@id":"https:\/\/www.almega.se\/#\/schema\/person\/efcc735e9c1ba0f9de79e69dc5be5f8a"},"description":"Om Sverige ska st\u00e5 sig i turbokonkurrensen m\u00e5ste vi bli ett mer v\u00e4lkomnande land f\u00f6r kompetensinvandring. L\u00e4s v\u00e5r rapport h\u00e4r.","breadcrumb":{"@id":"https:\/\/www.almega.se\/2018\/01\/sverige-stanger-dorren-kompetensinvandring\/#breadcrumb"},"inLanguage":"sv-SE","potentialAction":[{"@type":"ReadAction","target":["https:\/\/www.almega.se\/2018\/01\/sverige-stanger-dorren-kompetensinvandring\/"]}]},{"@type":"ImageObject","inLanguage":"sv-SE","@id":"https:\/\/www.almega.se\/2018\/01\/sverige-stanger-dorren-kompetensinvandring\/#primaryimage","url":"https:\/\/www.almega.se\/app\/uploads\/2018\/01\/people.jpg","contentUrl":"https:\/\/www.almega.se\/app\/uploads\/2018\/01\/people.jpg","width":3548,"height":1956,"caption":"kompetensbristen"},{"@type":"BreadcrumbList","@id":"https:\/\/www.almega.se\/2018\/01\/sverige-stanger-dorren-kompetensinvandring\/#breadcrumb","itemListElement":[{"@type":"ListItem","position":1,"name":"Home","item":"https:\/\/www.almega.se\/"},{"@type":"ListItem","position":2,"name":"Ny rapport -Sverige st\u00e4nger d\u00f6rren f\u00f6r kompetens&shy;invandring"}]},{"@type":"WebSite","@id":"https:\/\/www.almega.se\/#website","url":"https:\/\/www.almega.se\/","name":"Almega","description":"","potentialAction":[{"@type":"SearchAction","target":{"@type":"EntryPoint","urlTemplate":"https:\/\/www.almega.se\/?s={search_term_string}"},"query-input":{"@type":"PropertyValueSpecification","valueRequired":true,"valueName":"search_term_string"}}],"inLanguage":"sv-SE"},{"@type":"Person","@id":"https:\/\/www.almega.se\/#\/schema\/person\/efcc735e9c1ba0f9de79e69dc5be5f8a","name":"Julia Schwamberg","image":{"@type":"ImageObject","inLanguage":"sv-SE","@id":"https:\/\/www.almega.se\/#\/schema\/person\/image\/","url":"https:\/\/secure.gravatar.com\/avatar\/60ee7d8b8e9aa9b036f4768c0d2e868d8f080bcf68689c0f64ab3b87b1c2f78b?s=96&d=mm&r=g","contentUrl":"https:\/\/secure.gravatar.com\/avatar\/60ee7d8b8e9aa9b036f4768c0d2e868d8f080bcf68689c0f64ab3b87b1c2f78b?s=96&d=mm&r=g","caption":"Julia Schwamberg"},"url":"https:\/\/www.almega.se\/person\/juliaschwamberg\/"}]}},"_links":{"self":[{"href":"https:\/\/www.almega.se\/api\/wp\/v2\/posts\/15136","targetHints":{"allow":["GET"]}}],"collection":[{"href":"https:\/\/www.almega.se\/api\/wp\/v2\/posts"}],"about":[{"href":"https:\/\/www.almega.se\/api\/wp\/v2\/types\/post"}],"author":[{"embeddable":true,"href":"https:\/\/www.almega.se\/api\/wp\/v2\/users\/3"}],"replies":[{"embeddable":true,"href":"https:\/\/www.almega.se\/api\/wp\/v2\/comments?post=15136"}],"version-history":[{"count":1,"href":"https:\/\/www.almega.se\/api\/wp\/v2\/posts\/15136\/revisions"}],"predecessor-version":[{"id":50998,"href":"https:\/\/www.almega.se\/api\/wp\/v2\/posts\/15136\/revisions\/50998"}],"wp:featuredmedia":[{"embeddable":true,"href":"https:\/\/www.almega.se\/api\/wp\/v2\/media\/15140"}],"wp:attachment":[{"href":"https:\/\/www.almega.se\/api\/wp\/v2\/media?parent=15136"}],"wp:term":[{"taxonomy":"category","embeddable":true,"href":"https:\/\/www.almega.se\/api\/wp\/v2\/categories?post=15136"},{"taxonomy":"post_tag","embeddable":true,"href":"https:\/\/www.almega.se\/api\/wp\/v2\/tags?post=15136"},{"taxonomy":"type","embeddable":true,"href":"https:\/\/www.almega.se\/api\/wp\/v2\/article_type?post=15136"},{"taxonomy":"agreement","embeddable":true,"href":"https:\/\/www.almega.se\/api\/wp\/v2\/agreement?post=15136"}],"curies":[{"name":"wp","href":"https:\/\/api.w.org\/{rel}","templated":true}]}}