{"id":14818,"date":"2017-12-22T13:18:21","date_gmt":"2017-12-22T12:18:21","guid":{"rendered":"https:\/\/www.almega.se\/?p=14818"},"modified":"2017-12-22T13:18:21","modified_gmt":"2017-12-22T12:18:21","slug":"collectums-hantering-av-flexpension","status":"publish","type":"post","link":"https:\/\/www.almega.se\/2017\/12\/collectums-hantering-av-flexpension\/","title":{"rendered":"Collectums hantering av flex&shy;pension"},"content":{"rendered":"\n<p class=\"intro\">Almega har kommit \u00f6verens med Collectum om att debiteringen av flexpension kan starta i januari 2018 med retroaktiv verkan fr\u00e5n november 2017.<\/p>\n<p>Det betyder att premier f\u00f6r november och december kan beh\u00f6va reserveras i ert bokslut. Flexpension g\u00e4ller fr\u00e5n och med den 1 november 2017 och avs\u00e4ttningen sker med 0,2 % av pensionsmedf\u00f6rande f\u00f6r anst\u00e4llda mellan 25 och 65 \u00e5r.<\/p>\n<p>Mer information om Collectums debitering och hantering av medarbetares avst\u00e5enden fr\u00e5n flexpension kommer under januari.<\/p>\n","protected":false},"excerpt":{"rendered":"<p>Almega har kommit \u00f6verens med Collectum om att debiteringen av flexpension kan starta i januari 2018 med retroaktiv verkan fr\u00e5n november 2017. Det betyder att premier f\u00f6r november och december kan beh\u00f6va reserveras i ert &hellip;<\/p>\n","protected":false},"author":35,"featured_media":0,"comment_status":"closed","ping_status":"open","sticky":false,"template":"","format":"standard","meta":{"_acf_changed":false,"footnotes":""},"categories":[1],"tags":[],"article_type":[313],"agreement":[106,129,134,135,137,139,142,141,143,145,161,246,459,170,180,181,182,185,192,193,194,195,196,224,210,215,217,218,222,223,226,230,225,228,108,227,128,229,233,234],"class_list":["post-14818","post","type-post","status-publish","format-standard","hentry","category-okategoriserade","type-arbetsgivarnytt","agreement-8dce80f7-ff07-de11-b4e1-02bf9e69ca65","agreement-80801b30-bf59-de11-bdb9-02bf9e69ca65","agreement-58ce80f7-ff07-de11-b4e1-02bf9e69ca65","agreement-a0dd9b4d-7a56-de11-bdb9-02bf9e69ca65","agreement-bccd80f7-ff07-de11-b4e1-02bf9e69ca65","agreement-22ce80f7-ff07-de11-b4e1-02bf9e69ca65","agreement-72ce80f7-ff07-de11-b4e1-02bf9e69ca65","agreement-6ece80f7-ff07-de11-b4e1-02bf9e69ca65","agreement-71ce80f7-ff07-de11-b4e1-02bf9e69ca65","agreement-74ce80f7-ff07-de11-b4e1-02bf9e69ca65","agreement-5dce80f7-ff07-de11-b4e1-02bf9e69ca65","agreement-d7532451-e4a4-e711-810e-003dd8b71e49","agreement-9de9353e-79fc-e811-811f-003dd8b71e49","agreement-ff73fbfd-74c6-e111-9e82-005056b20fd8","agreement-8cce80f7-ff07-de11-b4e1-02bf9e69ca65","agreement-20ce80f7-ff07-de11-b4e1-02bf9e69ca65","agreement-50febb79-7a56-de11-bdb9-02bf9e69ca65","agreement-7dce80f7-ff07-de11-b4e1-02bf9e69ca65","agreement-d95c3e3a-0da2-de11-b057-02bf9e69ca65","agreement-2b2479db-06a2-de11-b057-02bf9e69ca65","agreement-89175bca-06a2-de11-b057-02bf9e69ca65","agreement-5ace80f7-ff07-de11-b4e1-02bf9e69ca65","agreement-55ce80f7-ff07-de11-b4e1-02bf9e69ca65","agreement-88ce80f7-ff07-de11-b4e1-02bf9e69ca65","agreement-7bce80f7-ff07-de11-b4e1-02bf9e69ca65","agreement-7ece80f7-ff07-de11-b4e1-02bf9e69ca65","agreement-bbcd80f7-ff07-de11-b4e1-02bf9e69ca65","agreement-99ce80f7-ff07-de11-b4e1-02bf9e69ca65","agreement-26ce80f7-ff07-de11-b4e1-02bf9e69ca65","agreement-68c1af9f-6b56-de11-bdb9-02bf9e69ca65","agreement-29ce80f7-ff07-de11-b4e1-02bf9e69ca65","agreement-1fce80f7-ff07-de11-b4e1-02bf9e69ca65","agreement-25ce80f7-ff07-de11-b4e1-02bf9e69ca65","agreement-1ece80f7-ff07-de11-b4e1-02bf9e69ca65","agreement-acce80f7-ff07-de11-b4e1-02bf9e69ca65","agreement-59ce80f7-ff07-de11-b4e1-02bf9e69ca65","agreement-abce80f7-ff07-de11-b4e1-02bf9e69ca65","agreement-53ce80f7-ff07-de11-b4e1-02bf9e69ca65","agreement-7cce80f7-ff07-de11-b4e1-02bf9e69ca65","agreement-8ace80f7-ff07-de11-b4e1-02bf9e69ca65"],"acf":[],"yoast_head":"<!-- This site is optimized with the Yoast SEO Premium plugin v26.8 (Yoast SEO v26.8) - https:\/\/yoast.com\/product\/yoast-seo-premium-wordpress\/ -->\n<title>Collectums hantering av flexpension | Almega<\/title>\n<meta name=\"robots\" content=\"index, follow, max-snippet:-1, max-image-preview:large, max-video-preview:-1\" \/>\n<link rel=\"canonical\" href=\"https:\/\/www.almega.se\/2017\/12\/collectums-hantering-av-flexpension\/\" \/>\n<meta property=\"og:locale\" content=\"sv_SE\" \/>\n<meta property=\"og:type\" content=\"article\" \/>\n<meta property=\"og:title\" content=\"Collectums hantering av flexpension\" \/>\n<meta property=\"og:description\" content=\"Almega har kommit \u00f6verens med Collectum om att debiteringen av flexpension kan starta i januari 2018 med retroaktiv verkan fr\u00e5n november 2017. Det betyder att premier f\u00f6r november och december kan beh\u00f6va reserveras i ert &hellip;\" \/>\n<meta property=\"og:url\" content=\"https:\/\/www.almega.se\/2017\/12\/collectums-hantering-av-flexpension\/\" \/>\n<meta property=\"og:site_name\" content=\"Almega\" \/>\n<meta property=\"article:published_time\" content=\"2017-12-22T12:18:21+00:00\" \/>\n<meta property=\"og:image\" content=\"https:\/\/www.almega.se\/app\/uploads\/2020\/12\/almega-share-logo.png\" \/>\n\t<meta property=\"og:image:width\" content=\"1200\" \/>\n\t<meta property=\"og:image:height\" content=\"630\" \/>\n\t<meta property=\"og:image:type\" content=\"image\/png\" \/>\n<meta name=\"author\" content=\"Jennifer Larsson\" \/>\n<meta name=\"twitter:card\" content=\"summary_large_image\" \/>\n<meta name=\"twitter:label1\" content=\"Skriven av\" \/>\n\t<meta name=\"twitter:data1\" content=\"Jennifer Larsson\" \/>\n<!-- \/ Yoast SEO Premium plugin. -->","yoast_head_json":{"title":"Collectums hantering av flexpension | Almega","robots":{"index":"index","follow":"follow","max-snippet":"max-snippet:-1","max-image-preview":"max-image-preview:large","max-video-preview":"max-video-preview:-1"},"canonical":"https:\/\/www.almega.se\/2017\/12\/collectums-hantering-av-flexpension\/","og_locale":"sv_SE","og_type":"article","og_title":"Collectums hantering av flexpension","og_description":"Almega har kommit \u00f6verens med Collectum om att debiteringen av flexpension kan starta i januari 2018 med retroaktiv verkan fr\u00e5n november 2017. Det betyder att premier f\u00f6r november och december kan beh\u00f6va reserveras i ert &hellip;","og_url":"https:\/\/www.almega.se\/2017\/12\/collectums-hantering-av-flexpension\/","og_site_name":"Almega","article_published_time":"2017-12-22T12:18:21+00:00","og_image":[{"width":1200,"height":630,"url":"https:\/\/www.almega.se\/app\/uploads\/2020\/12\/almega-share-logo.png","type":"image\/png"}],"author":"Jennifer Larsson","twitter_card":"summary_large_image","twitter_misc":{"Skriven av":"Jennifer Larsson"},"schema":{"@context":"https:\/\/schema.org","@graph":[{"@type":"NewsArticle","@id":"https:\/\/www.almega.se\/2017\/12\/collectums-hantering-av-flexpension\/#article","isPartOf":{"@id":"https:\/\/www.almega.se\/2017\/12\/collectums-hantering-av-flexpension\/"},"author":{"name":"Jennifer Larsson","@id":"https:\/\/www.almega.se\/#\/schema\/person\/49e6611201f2900d959ea6376448e641"},"headline":"Collectums hantering av flex&shy;pension","datePublished":"2017-12-22T12:18:21+00:00","mainEntityOfPage":{"@id":"https:\/\/www.almega.se\/2017\/12\/collectums-hantering-av-flexpension\/"},"wordCount":82,"inLanguage":"sv-SE"},{"@type":"WebPage","@id":"https:\/\/www.almega.se\/2017\/12\/collectums-hantering-av-flexpension\/","url":"https:\/\/www.almega.se\/2017\/12\/collectums-hantering-av-flexpension\/","name":"Collectums hantering av flexpension | Almega","isPartOf":{"@id":"https:\/\/www.almega.se\/#website"},"datePublished":"2017-12-22T12:18:21+00:00","author":{"@id":"https:\/\/www.almega.se\/#\/schema\/person\/49e6611201f2900d959ea6376448e641"},"breadcrumb":{"@id":"https:\/\/www.almega.se\/2017\/12\/collectums-hantering-av-flexpension\/#breadcrumb"},"inLanguage":"sv-SE","potentialAction":[{"@type":"ReadAction","target":["https:\/\/www.almega.se\/2017\/12\/collectums-hantering-av-flexpension\/"]}]},{"@type":"BreadcrumbList","@id":"https:\/\/www.almega.se\/2017\/12\/collectums-hantering-av-flexpension\/#breadcrumb","itemListElement":[{"@type":"ListItem","position":1,"name":"Home","item":"https:\/\/www.almega.se\/"},{"@type":"ListItem","position":2,"name":"Collectums hantering av flex&shy;pension"}]},{"@type":"WebSite","@id":"https:\/\/www.almega.se\/#website","url":"https:\/\/www.almega.se\/","name":"Almega","description":"","potentialAction":[{"@type":"SearchAction","target":{"@type":"EntryPoint","urlTemplate":"https:\/\/www.almega.se\/?s={search_term_string}"},"query-input":{"@type":"PropertyValueSpecification","valueRequired":true,"valueName":"search_term_string"}}],"inLanguage":"sv-SE"},{"@type":"Person","@id":"https:\/\/www.almega.se\/#\/schema\/person\/49e6611201f2900d959ea6376448e641","name":"Jennifer Larsson","image":{"@type":"ImageObject","inLanguage":"sv-SE","@id":"https:\/\/www.almega.se\/#\/schema\/person\/image\/","url":"https:\/\/secure.gravatar.com\/avatar\/7fbe2163889168d8980536cb20007feab2148b4fb8b6d1bd248112985b9001d2?s=96&d=mm&r=g","contentUrl":"https:\/\/secure.gravatar.com\/avatar\/7fbe2163889168d8980536cb20007feab2148b4fb8b6d1bd248112985b9001d2?s=96&d=mm&r=g","caption":"Jennifer Larsson"},"description":"Teamledare f\u00f6r Administrat\u00f6rsgruppen p\u00e5 Arbetsgivarservice","url":"https:\/\/www.almega.se\/person\/jenniferlarsson\/"}]}},"_links":{"self":[{"href":"https:\/\/www.almega.se\/api\/wp\/v2\/posts\/14818","targetHints":{"allow":["GET"]}}],"collection":[{"href":"https:\/\/www.almega.se\/api\/wp\/v2\/posts"}],"about":[{"href":"https:\/\/www.almega.se\/api\/wp\/v2\/types\/post"}],"author":[{"embeddable":true,"href":"https:\/\/www.almega.se\/api\/wp\/v2\/users\/35"}],"replies":[{"embeddable":true,"href":"https:\/\/www.almega.se\/api\/wp\/v2\/comments?post=14818"}],"version-history":[{"count":1,"href":"https:\/\/www.almega.se\/api\/wp\/v2\/posts\/14818\/revisions"}],"predecessor-version":[{"id":57994,"href":"https:\/\/www.almega.se\/api\/wp\/v2\/posts\/14818\/revisions\/57994"}],"wp:attachment":[{"href":"https:\/\/www.almega.se\/api\/wp\/v2\/media?parent=14818"}],"wp:term":[{"taxonomy":"category","embeddable":true,"href":"https:\/\/www.almega.se\/api\/wp\/v2\/categories?post=14818"},{"taxonomy":"post_tag","embeddable":true,"href":"https:\/\/www.almega.se\/api\/wp\/v2\/tags?post=14818"},{"taxonomy":"type","embeddable":true,"href":"https:\/\/www.almega.se\/api\/wp\/v2\/article_type?post=14818"},{"taxonomy":"agreement","embeddable":true,"href":"https:\/\/www.almega.se\/api\/wp\/v2\/agreement?post=14818"}],"curies":[{"name":"wp","href":"https:\/\/api.w.org\/{rel}","templated":true}]}}