{"id":12089,"date":"2025-11-18T10:17:00","date_gmt":"2025-11-18T09:17:00","guid":{"rendered":"https:\/\/www.almega.se\/?p=12089"},"modified":"2025-11-24T12:54:14","modified_gmt":"2025-11-24T11:54:14","slug":"snokaos-och-insnoad-far-jag-lon-anda","status":"publish","type":"post","link":"https:\/\/www.almega.se\/2025\/11\/snokaos-och-insnoad-far-jag-lon-anda\/","title":{"rendered":"Sn\u00f6storm och insn\u00f6ad \u2013 f\u00e5r man l\u00f6n \u00e4nd\u00e5?"},"content":{"rendered":"<p class=\"intro\"><span class=\"ui-provider ee clp bvp cpi cpj cpk cpl cpm cpn cpo cpp cpq cpr cps cpt cpu cpv cpw cpx cpy cpz cqa cqb cqc cqd cqe cqf cqg cqh cqi cqj cqk cql cqm cqn\" dir=\"ltr\">Att det blir sn\u00f6kaos n\u00e5gonstans i Sverige under vinterhalv\u00e5ret \u00e4r mer regel \u00e4n undantag. \u00c4ven om tekniken har gjort det m\u00f6jligt f\u00f6r en del anst\u00e4llda att arbeta hemifr\u00e5n, kvarst\u00e5r utmaningen f\u00f6r andra n\u00e4r det g\u00e4ller att ta sig till jobbet n\u00e4r det \u00e4r riktigt d\u00e5ligt v\u00e4glag och v\u00e4der. Vad g\u00e4ller f\u00f6r l\u00f6nen om man inte kan ta sig till jobbet? Och hur p\u00e5verkas arbetet om barnens skola m\u00e5ste st\u00e4nga?<\/span><\/p>\n\n<p>N\u00e4r bilen ligger begravd under meterh\u00f6ga sn\u00f6drivor, kollektivtrafiken slutar att fungera eller n\u00e4r det g\u00e5r ut varning om att inte ge sig ut p\u00e5 v\u00e4garna \u00e4r det kanske inte alla g\u00e5nger det l\u00e4ttaste att ta sig till jobbet. Men vad h\u00e4nder d\u00e5 med l\u00f6nen f\u00f6r den som beh\u00f6ver ta sig fysiskt till sin arbetsplats f\u00f6r att utf\u00f6ra arbetet?<\/p>\n\n\n\n<h3 class=\"wp-block-heading\" id=\"h-det-ar-snostorm-och-kollektivtrafiken-har-lagt-ned-det-rader-kaos-utomhus-far-en-anstalld-stanna-hemma-med-lon-da\">Det \u00e4r sn\u00f6storm och kollektivtrafiken har lagt ned. Det r\u00e5der kaos utomhus. F\u00e5r en anst\u00e4lld stanna hemma med l\u00f6n d\u00e5?<\/h3>\n\n\n\n<p>Huvudregeln \u00e4r att arbetsgivaren betalar l\u00f6n f\u00f6r den tid som anst\u00e4llda arbetar. \u00c4r du som anst\u00e4lld f\u00f6rhindrad att ta dig till arbetet, och d\u00e4rmed f\u00f6rhindrad att arbeta, p\u00e5 grund av storm, sn\u00f6ov\u00e4der, strejk i kollektivtrafiken eller n\u00e5gon annan omst\u00e4ndighet som inte beror p\u00e5 arbetsgivaren har arbetsgivaren normalt r\u00e4tt att g\u00f6ra tj\u00e4nstledighetsavdrag f\u00f6r fr\u00e5nvaron.<\/p>\n\n\n\n<h3 class=\"wp-block-heading\" id=\"h-det-ar-snokaos-och-skolor-har-stangt-och-darfor-kan-inte-foraldrarna-aka-till-jobbet-vad-galler-for-lonen-nu-da\">Det \u00e4r sn\u00f6kaos och skolor har st\u00e4ngt och d\u00e4rf\u00f6r kan inte f\u00f6r\u00e4ldrarna \u00e5ka till jobbet. Vad g\u00e4ller f\u00f6r l\u00f6nen nu d\u00e5?<\/h3>\n\n\n\n<p>Om skolan skulle st\u00e4nga, och barnen \u00e4r s\u00e5 pass sm\u00e5 att de inte kan stanna hemma utan f\u00f6r\u00e4ldraomsorg, \u00e4r det inte arbetsgivarens ansvar att hitta en alternativ plats d\u00e4r den anst\u00e4lldes barn kan vara. Stannar den anst\u00e4llde hemma utan att arbeta har arbetsgivaren inga skyldigheter att betala ut l\u00f6n eftersom arbetstagaren inte st\u00e5r till arbetsgivarens f\u00f6rfogande den dagen.<\/p>\n\n\n\n<blockquote class=\"wp-block-quote is-layout-flow wp-block-quote-is-layout-flow\">\n<p>&#8221;<em>Kom ih\u00e5g att dialog mellan arbetstagare och arbetsgivare \u00e4r&nbsp; viktig och att ni f\u00f6rhoppningsvis hittar en l\u00f6sning som fungerar f\u00f6r b\u00e5da parter<\/em>&#8221;<\/p>\n<\/blockquote>\n\n\n<a class='Share__link Share__link--url copy-text' href='#' rel='nofollow' data-text='hitta-en-losning' title='Dela url' data-confirmation='L\u00e4nken kopierades till urklipp'><svg class='icon icon--link'  width='18' height='18' viewBox='0 0 18 18' fill='none' xmlns='http:\/\/www.w3.org\/2000\/svg'>\n            <path d='M10.4142 0.514721L6.87868 4.05025L8.29289 5.46447L11.1213 2.63604L15.364 6.87868L12.5355 9.70711L13.9497 11.1213L17.4853 7.58579C17.8763 7.19476 17.8763 6.5626 17.4853 6.17158L11.8284 0.514721C11.4374 0.123691 10.8052 0.123691 10.4142 0.514721Z' fill='black'\/>\n            <path d='M9.7071 12.5355L6.87868 15.364L2.63604 11.1213L5.46446 8.2929L4.05025 6.87868L0.514716 10.4142C0.123686 10.8052 0.123686 11.4374 0.514716 11.8284L6.17157 17.4853C6.5626 17.8763 7.19475 17.8763 7.58578 17.4853L11.1213 13.9497L9.7071 12.5355Z' fill='black'\/>\n            <path d='M6.17157 11.8284C6.5626 12.2195 7.19475 12.2195 7.58578 11.8284L11.8284 7.58579C12.2195 7.19476 12.2195 6.56261 11.8284 6.17158C11.4374 5.78055 10.8052 5.78055 10.4142 6.17158L6.17157 10.4142C5.78054 10.8052 5.78054 11.4374 6.17157 11.8284Z' fill='black'\/>\n            <\/svg> <\/a>\n<h2 class=\"wp-block-heading\" id=\"h-hitta-en-losning\">Hitta en l\u00f6sning<\/h2>\n\n\n\n<p>Viktigt att t\u00e4nka p\u00e5 \u00e4r att dialogen mellan arbetstagare och arbetsgivare alltid \u00e4r viktig. G\u00e5r det att hitta en l\u00f6sning som fungerar f\u00f6r b\u00e5da parter?<\/p>\n\n\n\n<p>Kan den anst\u00e4llde arbeta hemifr\u00e5n eller finns det kompensationsledighet att ta ut? Att bevilja enstaka semesterdagar kan vara en m\u00f6jlighet, i synnerhet om det finns sparad semester. Se dock till att den anst\u00e4lldes r\u00e4tt till fyra veckors sammanh\u00e4ngande semesterledighet under huvudsemestern inte riskeras.<\/p>\n\n\n<a class='Share__link Share__link--url copy-text' href='#' rel='nofollow' data-text='fordjupa-dig' title='Dela url' data-confirmation='L\u00e4nken kopierades till urklipp'><svg class='icon icon--link'  width='18' height='18' viewBox='0 0 18 18' fill='none' xmlns='http:\/\/www.w3.org\/2000\/svg'>\n            <path d='M10.4142 0.514721L6.87868 4.05025L8.29289 5.46447L11.1213 2.63604L15.364 6.87868L12.5355 9.70711L13.9497 11.1213L17.4853 7.58579C17.8763 7.19476 17.8763 6.5626 17.4853 6.17158L11.8284 0.514721C11.4374 0.123691 10.8052 0.123691 10.4142 0.514721Z' fill='black'\/>\n            <path d='M9.7071 12.5355L6.87868 15.364L2.63604 11.1213L5.46446 8.2929L4.05025 6.87868L0.514716 10.4142C0.123686 10.8052 0.123686 11.4374 0.514716 11.8284L6.17157 17.4853C6.5626 17.8763 7.19475 17.8763 7.58578 17.4853L11.1213 13.9497L9.7071 12.5355Z' fill='black'\/>\n            <path d='M6.17157 11.8284C6.5626 12.2195 7.19475 12.2195 7.58578 11.8284L11.8284 7.58579C12.2195 7.19476 12.2195 6.56261 11.8284 6.17158C11.4374 5.78055 10.8052 5.78055 10.4142 6.17158L6.17157 10.4142C5.78054 10.8052 5.78054 11.4374 6.17157 11.8284Z' fill='black'\/>\n            <\/svg> <\/a>\n<h2 class=\"wp-block-heading\" id=\"h-fordjupa-dig\">F\u00f6rdjupa dig<\/h2>\n\n\n\n<p>Vill du veta mer om vad som g\u00e4ller f\u00f6r dig som arbetsgivare? Logga in p\u00e5 <a href=\"https:\/\/medlem.arbetsgivarguiden.se\/\" target=\"_blank\" rel=\"noopener\">Arbetsgivarguiden<\/a> och l\u00e4s mer!<\/p>\n\n\n\n<p>Inte medlem \u00e4nnu? <a href=\"https:\/\/www.almega.se\/bli-medlem\/\">Kontakta oss h\u00e4r<\/a> s\u00e5 ber\u00e4ttar vi mer om medlemskapet!<\/p>\n","protected":false},"excerpt":{"rendered":"<p>Vad g\u00e4ller vid sn\u00f6kaos om man inte kan ta sig till jobbet? <\/p>\n","protected":false},"author":3,"featured_media":48956,"comment_status":"closed","ping_status":"open","sticky":false,"template":"","format":"standard","meta":{"_acf_changed":false,"footnotes":""},"categories":[451,689],"tags":[58],"article_type":[56],"agreement":[],"class_list":["post-12089","post","type-post","status-publish","format-standard","has-post-thumbnail","hentry","category-arbetsgivarfragor","category-lon","tag-lon","type-nyheter"],"acf":[],"yoast_head":"<!-- This site is optimized with the Yoast SEO Premium plugin v26.8 (Yoast SEO v26.8) - https:\/\/yoast.com\/product\/yoast-seo-premium-wordpress\/ -->\n<title>Sn\u00f6storm och insn\u00f6ad \u2013 f\u00e5r man l\u00f6n \u00e4nd\u00e5? | Almega<\/title>\n<meta name=\"description\" content=\"Att det \u00e4r sn\u00f6storm n\u00e5gonstans i Sverige under vinterhalv\u00e5ret \u00e4r mer regel \u00e4n undantag. Men vad h\u00e4nder om du inte kan ta dig till jobbet?\" \/>\n<meta name=\"robots\" content=\"index, follow, max-snippet:-1, max-image-preview:large, max-video-preview:-1\" \/>\n<link rel=\"canonical\" href=\"https:\/\/www.almega.se\/2025\/11\/snokaos-och-insnoad-far-jag-lon-anda\/\" \/>\n<meta property=\"og:locale\" content=\"sv_SE\" \/>\n<meta property=\"og:type\" content=\"article\" \/>\n<meta property=\"og:title\" content=\"Sn\u00f6storm och insn\u00f6ad \u2013 f\u00e5r man l\u00f6n \u00e4nd\u00e5?\" \/>\n<meta property=\"og:description\" content=\"Att det \u00e4r sn\u00f6storm n\u00e5gonstans i Sverige under vinterhalv\u00e5ret \u00e4r mer regel \u00e4n undantag. Men vad h\u00e4nder om du inte kan ta dig till jobbet?\" \/>\n<meta property=\"og:url\" content=\"https:\/\/www.almega.se\/2025\/11\/snokaos-och-insnoad-far-jag-lon-anda\/\" \/>\n<meta property=\"og:site_name\" content=\"Almega\" \/>\n<meta property=\"article:published_time\" content=\"2025-11-18T09:17:00+00:00\" \/>\n<meta property=\"article:modified_time\" content=\"2025-11-24T11:54:14+00:00\" \/>\n<meta property=\"og:image\" content=\"https:\/\/www.almega.se\/app\/uploads\/2020\/02\/gettyimages-694020671-scaled.jpg\" \/>\n\t<meta property=\"og:image:width\" content=\"2560\" \/>\n\t<meta property=\"og:image:height\" content=\"1710\" \/>\n\t<meta property=\"og:image:type\" content=\"image\/jpeg\" \/>\n<meta name=\"author\" content=\"Julia Schwamberg\" \/>\n<meta name=\"twitter:card\" content=\"summary_large_image\" \/>\n<meta name=\"twitter:label1\" content=\"Skriven av\" \/>\n\t<meta name=\"twitter:data1\" content=\"Julia Schwamberg\" \/>\n\t<meta name=\"twitter:label2\" content=\"Ber\u00e4knad l\u00e4stid\" \/>\n\t<meta name=\"twitter:data2\" content=\"2 minuter\" \/>\n<!-- \/ Yoast SEO Premium plugin. -->","yoast_head_json":{"title":"Sn\u00f6storm och insn\u00f6ad \u2013 f\u00e5r man l\u00f6n \u00e4nd\u00e5? | Almega","description":"Att det \u00e4r sn\u00f6storm n\u00e5gonstans i Sverige under vinterhalv\u00e5ret \u00e4r mer regel \u00e4n undantag. Men vad h\u00e4nder om du inte kan ta dig till jobbet?","robots":{"index":"index","follow":"follow","max-snippet":"max-snippet:-1","max-image-preview":"max-image-preview:large","max-video-preview":"max-video-preview:-1"},"canonical":"https:\/\/www.almega.se\/2025\/11\/snokaos-och-insnoad-far-jag-lon-anda\/","og_locale":"sv_SE","og_type":"article","og_title":"Sn\u00f6storm och insn\u00f6ad \u2013 f\u00e5r man l\u00f6n \u00e4nd\u00e5?","og_description":"Att det \u00e4r sn\u00f6storm n\u00e5gonstans i Sverige under vinterhalv\u00e5ret \u00e4r mer regel \u00e4n undantag. Men vad h\u00e4nder om du inte kan ta dig till jobbet?","og_url":"https:\/\/www.almega.se\/2025\/11\/snokaos-och-insnoad-far-jag-lon-anda\/","og_site_name":"Almega","article_published_time":"2025-11-18T09:17:00+00:00","article_modified_time":"2025-11-24T11:54:14+00:00","og_image":[{"width":2560,"height":1710,"url":"https:\/\/www.almega.se\/app\/uploads\/2020\/02\/gettyimages-694020671-scaled.jpg","type":"image\/jpeg"}],"author":"Julia Schwamberg","twitter_card":"summary_large_image","twitter_misc":{"Skriven av":"Julia Schwamberg","Ber\u00e4knad l\u00e4stid":"2 minuter"},"schema":{"@context":"https:\/\/schema.org","@graph":[{"@type":"NewsArticle","@id":"https:\/\/www.almega.se\/2025\/11\/snokaos-och-insnoad-far-jag-lon-anda\/#article","isPartOf":{"@id":"https:\/\/www.almega.se\/2025\/11\/snokaos-och-insnoad-far-jag-lon-anda\/"},"author":{"name":"Julia Schwamberg","@id":"https:\/\/www.almega.se\/#\/schema\/person\/efcc735e9c1ba0f9de79e69dc5be5f8a"},"headline":"Sn\u00f6storm och insn\u00f6ad \u2013 f\u00e5r man l\u00f6n \u00e4nd\u00e5?","datePublished":"2025-11-18T09:17:00+00:00","dateModified":"2025-11-24T11:54:14+00:00","mainEntityOfPage":{"@id":"https:\/\/www.almega.se\/2025\/11\/snokaos-och-insnoad-far-jag-lon-anda\/"},"wordCount":424,"image":{"@id":"https:\/\/www.almega.se\/2025\/11\/snokaos-och-insnoad-far-jag-lon-anda\/#primaryimage"},"thumbnailUrl":"https:\/\/www.almega.se\/app\/uploads\/2020\/02\/gettyimages-694020671-scaled.jpg","keywords":["L\u00f6n"],"articleSection":["Arbetsgivarfr\u00e5gor","L\u00f6n"],"inLanguage":"sv-SE"},{"@type":"WebPage","@id":"https:\/\/www.almega.se\/2025\/11\/snokaos-och-insnoad-far-jag-lon-anda\/","url":"https:\/\/www.almega.se\/2025\/11\/snokaos-och-insnoad-far-jag-lon-anda\/","name":"Sn\u00f6storm och insn\u00f6ad \u2013 f\u00e5r man l\u00f6n \u00e4nd\u00e5? | Almega","isPartOf":{"@id":"https:\/\/www.almega.se\/#website"},"primaryImageOfPage":{"@id":"https:\/\/www.almega.se\/2025\/11\/snokaos-och-insnoad-far-jag-lon-anda\/#primaryimage"},"image":{"@id":"https:\/\/www.almega.se\/2025\/11\/snokaos-och-insnoad-far-jag-lon-anda\/#primaryimage"},"thumbnailUrl":"https:\/\/www.almega.se\/app\/uploads\/2020\/02\/gettyimages-694020671-scaled.jpg","datePublished":"2025-11-18T09:17:00+00:00","dateModified":"2025-11-24T11:54:14+00:00","author":{"@id":"https:\/\/www.almega.se\/#\/schema\/person\/efcc735e9c1ba0f9de79e69dc5be5f8a"},"description":"Att det \u00e4r sn\u00f6storm n\u00e5gonstans i Sverige under vinterhalv\u00e5ret \u00e4r mer regel \u00e4n undantag. Men vad h\u00e4nder om du inte kan ta dig till jobbet?","breadcrumb":{"@id":"https:\/\/www.almega.se\/2025\/11\/snokaos-och-insnoad-far-jag-lon-anda\/#breadcrumb"},"inLanguage":"sv-SE","potentialAction":[{"@type":"ReadAction","target":["https:\/\/www.almega.se\/2025\/11\/snokaos-och-insnoad-far-jag-lon-anda\/"]}]},{"@type":"ImageObject","inLanguage":"sv-SE","@id":"https:\/\/www.almega.se\/2025\/11\/snokaos-och-insnoad-far-jag-lon-anda\/#primaryimage","url":"https:\/\/www.almega.se\/app\/uploads\/2020\/02\/gettyimages-694020671-scaled.jpg","contentUrl":"https:\/\/www.almega.se\/app\/uploads\/2020\/02\/gettyimages-694020671-scaled.jpg","width":2560,"height":1710,"caption":"Bild p\u00e5 sn\u00f6ig och mulen motorv\u00e4g."},{"@type":"BreadcrumbList","@id":"https:\/\/www.almega.se\/2025\/11\/snokaos-och-insnoad-far-jag-lon-anda\/#breadcrumb","itemListElement":[{"@type":"ListItem","position":1,"name":"Home","item":"https:\/\/www.almega.se\/"},{"@type":"ListItem","position":2,"name":"Sn\u00f6storm och insn\u00f6ad \u2013 f\u00e5r man l\u00f6n \u00e4nd\u00e5?"}]},{"@type":"WebSite","@id":"https:\/\/www.almega.se\/#website","url":"https:\/\/www.almega.se\/","name":"Almega","description":"","potentialAction":[{"@type":"SearchAction","target":{"@type":"EntryPoint","urlTemplate":"https:\/\/www.almega.se\/?s={search_term_string}"},"query-input":{"@type":"PropertyValueSpecification","valueRequired":true,"valueName":"search_term_string"}}],"inLanguage":"sv-SE"},{"@type":"Person","@id":"https:\/\/www.almega.se\/#\/schema\/person\/efcc735e9c1ba0f9de79e69dc5be5f8a","name":"Julia Schwamberg","image":{"@type":"ImageObject","inLanguage":"sv-SE","@id":"https:\/\/www.almega.se\/#\/schema\/person\/image\/","url":"https:\/\/secure.gravatar.com\/avatar\/60ee7d8b8e9aa9b036f4768c0d2e868d8f080bcf68689c0f64ab3b87b1c2f78b?s=96&d=mm&r=g","contentUrl":"https:\/\/secure.gravatar.com\/avatar\/60ee7d8b8e9aa9b036f4768c0d2e868d8f080bcf68689c0f64ab3b87b1c2f78b?s=96&d=mm&r=g","caption":"Julia Schwamberg"},"url":"https:\/\/www.almega.se\/person\/juliaschwamberg\/"}]}},"_links":{"self":[{"href":"https:\/\/www.almega.se\/api\/wp\/v2\/posts\/12089","targetHints":{"allow":["GET"]}}],"collection":[{"href":"https:\/\/www.almega.se\/api\/wp\/v2\/posts"}],"about":[{"href":"https:\/\/www.almega.se\/api\/wp\/v2\/types\/post"}],"author":[{"embeddable":true,"href":"https:\/\/www.almega.se\/api\/wp\/v2\/users\/3"}],"replies":[{"embeddable":true,"href":"https:\/\/www.almega.se\/api\/wp\/v2\/comments?post=12089"}],"version-history":[{"count":16,"href":"https:\/\/www.almega.se\/api\/wp\/v2\/posts\/12089\/revisions"}],"predecessor-version":[{"id":84328,"href":"https:\/\/www.almega.se\/api\/wp\/v2\/posts\/12089\/revisions\/84328"}],"wp:featuredmedia":[{"embeddable":true,"href":"https:\/\/www.almega.se\/api\/wp\/v2\/media\/48956"}],"wp:attachment":[{"href":"https:\/\/www.almega.se\/api\/wp\/v2\/media?parent=12089"}],"wp:term":[{"taxonomy":"category","embeddable":true,"href":"https:\/\/www.almega.se\/api\/wp\/v2\/categories?post=12089"},{"taxonomy":"post_tag","embeddable":true,"href":"https:\/\/www.almega.se\/api\/wp\/v2\/tags?post=12089"},{"taxonomy":"type","embeddable":true,"href":"https:\/\/www.almega.se\/api\/wp\/v2\/article_type?post=12089"},{"taxonomy":"agreement","embeddable":true,"href":"https:\/\/www.almega.se\/api\/wp\/v2\/agreement?post=12089"}],"curies":[{"name":"wp","href":"https:\/\/api.w.org\/{rel}","templated":true}]}}