{"id":10901,"date":"2017-10-17T16:00:00","date_gmt":"2017-10-17T14:00:00","guid":{"rendered":"http:\/\/almega.azurewebsites.net\/2017\/10\/nytt-avtal-tecknat-med-lo-forbunden\/"},"modified":"2017-10-17T16:00:00","modified_gmt":"2017-10-17T14:00:00","slug":"nytt-avtal-tecknat-med-lo-forbunden","status":"publish","type":"post","link":"https:\/\/www.almega.se\/2017\/10\/nytt-avtal-tecknat-med-lo-forbunden\/","title":{"rendered":"Nytt avtal tecknat med LO-f\u00f6rbunden"},"content":{"rendered":"\n<p class=\"intro\">Almega Samhallf\u00f6rbundet och LO-f\u00f6rbunden har den 10 oktober efter medling tecknat nytt kollektivavtal om l\u00f6ner och allm\u00e4nna anst\u00e4llningsvillkor f\u00f6r arbetare. Avtalsperioden \u00e4r 36 m\u00e5nader och \u00e4ndringarna g\u00e4ller fr\u00e5n och med den 1 oktober 2017.<\/p>\n<p>Sammanfattningsvis inneb&auml;r &ouml;verenskommelsen f&ouml;ljande:<\/p>\n<p><strong>Avtalsperiod<\/strong><br \/>  Avtalsperiod 36 m&aring;nader fr o m 2017-10-01 &ndash; 2020-09-30 &nbsp;<\/p>\n<p>  <strong>L&ouml;ner<\/strong><br \/>  <u>L&ouml;ne&ouml;kningar<\/u> sker genom h&ouml;jning av grundl&ouml;nen enligt &sect; 6 mom 1 f&ouml;r respektive avtals&aring;r enligt f&ouml;ljande:<\/p>\n<table border=\"1\" cellpadding=\"1\" cellspacing=\"1\" style=\"width: 500px\">\n<tbody>\n<tr>\n<td>2017<\/td>\n<td>528 kr<\/td>\n<td>vilket ger en ny grundl&ouml;n p&aring; 20 408 kr per 2017-10-01<\/td>\n<\/tr>\n<tr>\n<td>&nbsp;<\/td>\n<td>&nbsp;<\/td>\n<td>&nbsp;<\/td>\n<\/tr>\n<tr>\n<td>2018<\/td>\n<td>491 kr<\/td>\n<td>vilket ger en ny grundl&ouml;n p&aring; 20 899 kr per 2018-10-01<\/td>\n<\/tr>\n<tr>\n<td>&nbsp;<\/td>\n<td>&nbsp;<\/td>\n<td>&nbsp;<\/td>\n<\/tr>\n<tr>\n<td>2019<\/td>\n<td>575 kr<\/td>\n<td>vilket ger en ny grundl&ouml;n p&aring; 21 474kr per 2019-10-01<\/td>\n<\/tr>\n<\/tbody>\n<\/table>\n<p><strong>&Ouml;vriga ers&auml;ttningar<\/strong><br \/>  <u>&Ouml;vertidstill&auml;gg <\/u>enligt &sect; 5 mom 1 h&ouml;js enligt f&ouml;ljande:<\/p>\n<table border=\"1\" cellpadding=\"1\" cellspacing=\"1\" style=\"width: 500px\">\n<tbody>\n<tr>\n<td>&nbsp;<\/td>\n<td><strong>2017-10-01<\/strong><\/td>\n<td><strong>2018-10-01<\/strong><\/td>\n<td><strong>2019-10-01<\/strong><\/td>\n<\/tr>\n<tr>\n<td>a)<\/td>\n<td>57:20 kr<\/td>\n<td>58:40 kr<\/td>\n<td>59:70 kr<\/td>\n<\/tr>\n<tr>\n<td>b)<\/td>\n<td>80:10 kr<\/td>\n<td>81:70 kr<\/td>\n<td>83:60 kr<\/td>\n<\/tr>\n<tr>\n<td>c)<\/td>\n<td>114:30 kr<\/td>\n<td>116:50 kr<\/td>\n<td>119:20 kr<\/td>\n<\/tr>\n<\/tbody>\n<\/table>\n<p><u>Till&auml;gg f&ouml;r obekv&auml;m arbetstid och skiftarbete<\/u> enligt &sect; 8 mom 2 h&ouml;js enligt f&ouml;ljande:&nbsp;&nbsp;<strong>&nbsp;&nbsp;&nbsp;&nbsp;<\/strong><\/p>\n<table border=\"1\" cellpadding=\"1\" cellspacing=\"1\" style=\"width: 541px;height: 96px\">\n<tbody>\n<tr>\n<td>&nbsp;<\/td>\n<td><strong>2017<\/strong><\/td>\n<\/tr>\n<tr>\n<td>Vardag mellan kl 17.30 och 06.30<\/td>\n<td style=\"width: 100px\">33:70kr<\/td>\n<\/tr>\n<tr>\n<td>L&ouml;rdag fr&aring;n kl 17.30 till m&aring;ndag kl 06.30&nbsp;&nbsp;&nbsp;&nbsp;&nbsp;&nbsp;&nbsp;&nbsp;&nbsp;&nbsp;&nbsp;&nbsp;&nbsp;&nbsp;&nbsp;&nbsp;&nbsp;&nbsp;&nbsp;&nbsp;&nbsp;&nbsp;&nbsp;&nbsp;&nbsp;&nbsp;&nbsp;&nbsp;&nbsp;&nbsp;&nbsp;&nbsp;&nbsp;&nbsp;&nbsp;&nbsp;&nbsp;&nbsp;&nbsp;&nbsp;&nbsp;&nbsp;&nbsp;&nbsp;&nbsp;&nbsp;&nbsp;&nbsp;<\/td>\n<td>42:60 kr<\/td>\n<\/tr>\n<tr>\n<td>Dag f&ouml;re helgdag fr&aring;n kl 17.30 till kl 06.30 dag efter helgdag<\/td>\n<td>42:60 kr<\/td>\n<\/tr>\n<tr>\n<td>Storhelg<\/td>\n<td>85:20 kr<\/td>\n<\/tr>\n<\/tbody>\n<\/table>\n<table border=\"1\" cellpadding=\"1\" cellspacing=\"1\" style=\"width: 535px;height: 50px\">\n<tbody>\n<tr>\n<td>&nbsp;<\/td>\n<td><strong>2018<\/strong><\/td>\n<\/tr>\n<tr>\n<td>Vardag mellan kl 17.30 och 06.30<\/td>\n<td>34:30 kr<\/td>\n<\/tr>\n<tr>\n<td>L&ouml;rdag fr&aring;n kl 06.30 till m&aring;ndag kl 06.30<\/td>\n<td>43:50 kr<\/td>\n<\/tr>\n<tr>\n<td>Dag f&ouml;re helgdag fr&aring;n kl 17.30 till kl 06.30 dag efter helgdag<\/td>\n<td style=\"width: 100px\">43:50 kr<\/td>\n<\/tr>\n<tr>\n<td>Storhelg<\/td>\n<td style=\"width: 100px\">86:90 kr<\/td>\n<\/tr>\n<\/tbody>\n<\/table>\n<table border=\"1\" cellpadding=\"1\" cellspacing=\"1\" style=\"width: 536px;height: 62px\">\n<tbody>\n<tr>\n<td>&nbsp;<\/td>\n<td><strong>2019<\/strong><\/td>\n<\/tr>\n<tr>\n<td>Vardag mellan kl 17.30 och 06.30<\/td>\n<td>35:10 kr<\/td>\n<\/tr>\n<tr>\n<td>L&ouml;rdag fr&aring;n kl 06.30 till m&aring;ndag kl 06.30<\/td>\n<td>44:50 kr<\/td>\n<\/tr>\n<tr>\n<td>Dag f&ouml;re helgdag fr&aring;n kl 17.30 till kl 06.30 dag efter helgdag<\/td>\n<td>44:50 kr<\/td>\n<\/tr>\n<tr>\n<td>Storhelg<\/td>\n<td style=\"width: 100px\">88:90 kr<\/td>\n<\/tr>\n<\/tbody>\n<\/table>\n<p><u>Den s k semesterl&ouml;negarantin <\/u>enligt &sect; 11 mom 4:1 per betald semesterdag h&ouml;js enligt f&ouml;ljande:<\/p>\n<table border=\"1\" cellpadding=\"1\" cellspacing=\"1\" style=\"width: 500px\">\n<tbody>\n<tr>\n<td>Semesterl&ouml;negaranti<\/td>\n<td>2017-10-01<\/td>\n<td>2018-10-01<\/td>\n<td>2019-10-01<\/td>\n<\/tr>\n<tr>\n<td>&nbsp;<\/td>\n<td>1 270 kr<\/td>\n<td>1 296 kr<\/td>\n<td>1 326 kr<\/td>\n<\/tr>\n<tr>\n<td>&nbsp;<\/td>\n<td>&nbsp;<\/td>\n<td>&nbsp;<\/td>\n<td>&nbsp;<\/td>\n<\/tr>\n<\/tbody>\n<\/table>\n<p><strong>Allm&auml;nna villkorsf&ouml;r&auml;ndringar<\/strong><br \/>  <u>&sect; 2 mom 4 Verksamhetsomr&aring;de<\/u><br \/>  F&ouml;rtydligade texter inf&ouml;rs i &sect; 2 mom 4 Verksamhetsomr&aring;de d&auml;r det i texten nu framg&aring;r att verksamhetsomr&aring;den kan g&aring; in i varandra. F&ouml;r&auml;ndring av verksamhetsomr&aring;den ska inte g&ouml;ras om de inneb&auml;r v&auml;sentliga f&ouml;rdyringar f&ouml;r de anst&auml;llda, t ex dubbla busskort.<\/p>\n<p><u>&sect; 4 mom 3:3<\/u><br \/>  Ett till&auml;gg g&ouml;rs till sista stycket inneb&auml;randes att vi definierar begreppet l&auml;tthelger som r&ouml;da kalenderdagar som infaller under m&aring;ndag till fredag.<\/p>\n<p><u>&sect; 4 mom 6 Arbetstidsf&ouml;rkortning<\/u><br \/>  I syfte att underl&auml;tta f&ouml;r arbetsgivaren att l&auml;gga ut arbetstidsf&ouml;rkortning, ATK har det till texten i tredje stycket lagts till att ledighet som beg&auml;rs i god tid ska beviljas om det inte finns sakliga sk&auml;l f&ouml;r arbetsgivaren att s&auml;ga nej till beg&auml;ran. Sakliga sk&auml;l ska i sammanhanget vara motiverade sk&auml;l d&auml;r verksamheten inte kan avvara den anst&auml;llde under den period som ledigheten &auml;r beg&auml;rd f&ouml;r.<\/p>\n<p>&Aring;ren efter uttags&aring;ret kan arbetsgivaren numera l&auml;gga ut kvarvarande ledighet som ligger i ATK-banken <strong>utan <\/strong>att f&ouml;rst samr&aring;da med den enskilde.<\/p>\n<p><u>&sect; 12 Ledighet och ers&auml;ttning vid sjukdom, arbetsskada, l&auml;kar- och sjukv&aring;rd m m<\/u><br \/>  Reglerna f&ouml;r att g&aring; p&aring; l&auml;kar- eller sjukv&aring;rdsbes&ouml;k under betald arbetstid har stramats upp och f&ouml;rtydligats i syfte att f&aring; ner antalet s&aring;dana bes&ouml;k under betald arbetstid.<\/p>\n<p>  Det &auml;r numera fr&aring;ga om akuta sjukdomsfall ist&auml;llet f&ouml;r det otydliga <em>mindre sjukdomsfall<\/em>; ett begrepp som numera utrangerats ur avtalet. Bes&ouml;k hos l&auml;kare eller v&aring;rdinr&auml;ttning ska ocks&aring; i efterhand kunna styrkas.<br \/>  Om det finns kvarvarande ATK fr&aring;n tidigare &aring;r finns det inget som hindrar att den l&auml;ggs ut vid l&auml;karbes&ouml;k.<\/p>\n<p><strong>LFU<\/strong><br \/>  <em>LFU <\/em>anst&auml;lld omfattas inte av Kollektivavtal Samhall &sect; 6 mom 1-3. M&aring;nadsl&ouml;n vid heltidsanst&auml;llning utges med st&ouml;d av &sect; 4 enligt f&ouml;ljande:<\/p>\n<p>17 630 kr &nbsp;&nbsp;&nbsp;&nbsp;&nbsp;&nbsp;&nbsp;&nbsp;&nbsp;&nbsp;&nbsp;&nbsp;&nbsp;&nbsp;&nbsp;&nbsp;&nbsp;&nbsp;&nbsp;&nbsp;&nbsp;&nbsp;&nbsp;&nbsp;&nbsp;&nbsp;&nbsp;&nbsp;&nbsp; 2017-10-01 &ndash; 2018-09-30<br \/>  17&nbsp;982 kr&nbsp;&nbsp;&nbsp;&nbsp;&nbsp;&nbsp;&nbsp;&nbsp;&nbsp;&nbsp;&nbsp;&nbsp;&nbsp;&nbsp;&nbsp;&nbsp;&nbsp;&nbsp;&nbsp;&nbsp;&nbsp;&nbsp;&nbsp;&nbsp;&nbsp;&nbsp;&nbsp;&nbsp;&nbsp;&nbsp; 2018-10-01 &ndash; 2019-09-30<br \/>  18&nbsp;396 kr&nbsp;&nbsp;&nbsp;&nbsp;&nbsp;&nbsp;&nbsp;&nbsp;&nbsp;&nbsp;&nbsp;&nbsp;&nbsp;&nbsp;&nbsp;&nbsp;&nbsp;&nbsp;&nbsp;&nbsp;&nbsp;&nbsp;&nbsp;&nbsp;&nbsp;&nbsp;&nbsp;&nbsp;&nbsp;&nbsp; 2019-10-01 &ndash; 2020-09-30<\/p>\n<p><u>Semester<\/u><br \/>  Semesterl&ouml;nen ska inte ber&auml;knas enligt &sect; 11 mom 4:1 utan utges med st&ouml;d av &sect; 5 enligt f&ouml;ljande:<\/p>\n<p>1 053 kr per dag fr o m 2017-10-01<br \/>  1&nbsp;074 kr per dag fr o m 2018-10-01<br \/>  1&nbsp;098 kr per dag fr o m 2019-10-01<\/p>\n<p><strong>Arbetsgrupper<\/strong><br \/>  Tv&aring; arbetsgrupper p&aring; central partsniv&aring; forts&auml;tter arbetet med att dels:<\/p>\n<p>&#8211; se &ouml;ver nuvarande l&ouml;nesystem samt<\/p>\n<p>&#8211; g&ouml;ra en &ouml;versyn och modernisering av utvecklingsavtalet<\/p>\n<p><strong>&Ouml;verenskommelsen i sin helhet samt nytt avtalstryck finns tillg&auml;ngliga inom kort via almega.se<\/strong><\/p>\n<p><strong>F&ouml;r mer information kontakta:<\/strong><br \/>  Per Grad&eacute;n, <a href=\"mailto:per.graden@almega.se,\">per.graden@almega.se,<\/a> telefon&nbsp;08-762 66 33<\/p>\n<p>&Aring;sa Ramel, <a href=\"mailto:asa.ramel@almega.se\">asa.ramel@almega.se<\/a>, telefon 08-762 68 46&nbsp;&nbsp;&nbsp;&nbsp;&nbsp;&nbsp;&nbsp;&nbsp;&nbsp;&nbsp;&nbsp;&nbsp;&nbsp;&nbsp;<\/p>\n<\/p>\n","protected":false},"excerpt":{"rendered":"<p>Almega Samhallf\u00f6rbundet och LO-f\u00f6rbunden har den 10 oktober efter medling tecknat nytt kollektivavtal om l\u00f6ner och allm\u00e4nna anst\u00e4llningsvillkor f\u00f6r arbetare. Avtalsperioden \u00e4r 36 m\u00e5nader och \u00e4ndringarna g\u00e4ller fr\u00e5n och med den 1 oktober 2017.<\/p>\n","protected":false},"author":1,"featured_media":0,"comment_status":"closed","ping_status":"open","sticky":false,"template":"","format":"standard","meta":{"_acf_changed":false,"footnotes":""},"categories":[1],"tags":[],"article_type":[313],"agreement":[],"class_list":["post-10901","post","type-post","status-publish","format-standard","hentry","category-okategoriserade","type-arbetsgivarnytt"],"acf":[],"yoast_head":"<!-- This site is optimized with the Yoast SEO Premium plugin v26.8 (Yoast SEO v26.8) - https:\/\/yoast.com\/product\/yoast-seo-premium-wordpress\/ -->\n<title>Nytt avtal tecknat med LO-f\u00f6rbunden | Almega<\/title>\n<meta name=\"robots\" content=\"index, follow, max-snippet:-1, max-image-preview:large, max-video-preview:-1\" \/>\n<link rel=\"canonical\" href=\"https:\/\/www.almega.se\/2017\/10\/nytt-avtal-tecknat-med-lo-forbunden\/\" \/>\n<meta property=\"og:locale\" content=\"sv_SE\" \/>\n<meta property=\"og:type\" content=\"article\" \/>\n<meta property=\"og:title\" content=\"Nytt avtal tecknat med LO-f\u00f6rbunden\" \/>\n<meta property=\"og:description\" content=\"Almega Samhallf\u00f6rbundet och LO-f\u00f6rbunden har den 10 oktober efter medling tecknat nytt kollektivavtal om l\u00f6ner och allm\u00e4nna anst\u00e4llningsvillkor f\u00f6r arbetare. Avtalsperioden \u00e4r 36 m\u00e5nader och \u00e4ndringarna g\u00e4ller fr\u00e5n och med den 1 oktober 2017.\" \/>\n<meta property=\"og:url\" content=\"https:\/\/www.almega.se\/2017\/10\/nytt-avtal-tecknat-med-lo-forbunden\/\" \/>\n<meta property=\"og:site_name\" content=\"Almega\" \/>\n<meta property=\"article:published_time\" content=\"2017-10-17T14:00:00+00:00\" \/>\n<meta property=\"og:image\" content=\"https:\/\/www.almega.se\/app\/uploads\/2020\/12\/almega-share-logo.png\" \/>\n\t<meta property=\"og:image:width\" content=\"1200\" \/>\n\t<meta property=\"og:image:height\" content=\"630\" \/>\n\t<meta property=\"og:image:type\" content=\"image\/png\" \/>\n<meta name=\"author\" content=\"admin\" \/>\n<meta name=\"twitter:card\" content=\"summary_large_image\" \/>\n<meta name=\"twitter:label1\" content=\"Skriven av\" \/>\n\t<meta name=\"twitter:data1\" content=\"admin\" \/>\n\t<meta name=\"twitter:label2\" content=\"Ber\u00e4knad l\u00e4stid\" \/>\n\t<meta name=\"twitter:data2\" content=\"5 minuter\" \/>\n<!-- \/ Yoast SEO Premium plugin. -->","yoast_head_json":{"title":"Nytt avtal tecknat med LO-f\u00f6rbunden | Almega","robots":{"index":"index","follow":"follow","max-snippet":"max-snippet:-1","max-image-preview":"max-image-preview:large","max-video-preview":"max-video-preview:-1"},"canonical":"https:\/\/www.almega.se\/2017\/10\/nytt-avtal-tecknat-med-lo-forbunden\/","og_locale":"sv_SE","og_type":"article","og_title":"Nytt avtal tecknat med LO-f\u00f6rbunden","og_description":"Almega Samhallf\u00f6rbundet och LO-f\u00f6rbunden har den 10 oktober efter medling tecknat nytt kollektivavtal om l\u00f6ner och allm\u00e4nna anst\u00e4llningsvillkor f\u00f6r arbetare. Avtalsperioden \u00e4r 36 m\u00e5nader och \u00e4ndringarna g\u00e4ller fr\u00e5n och med den 1 oktober 2017.","og_url":"https:\/\/www.almega.se\/2017\/10\/nytt-avtal-tecknat-med-lo-forbunden\/","og_site_name":"Almega","article_published_time":"2017-10-17T14:00:00+00:00","og_image":[{"width":1200,"height":630,"url":"https:\/\/www.almega.se\/app\/uploads\/2020\/12\/almega-share-logo.png","type":"image\/png"}],"author":"admin","twitter_card":"summary_large_image","twitter_misc":{"Skriven av":"admin","Ber\u00e4knad l\u00e4stid":"5 minuter"},"schema":{"@context":"https:\/\/schema.org","@graph":[{"@type":"NewsArticle","@id":"https:\/\/www.almega.se\/2017\/10\/nytt-avtal-tecknat-med-lo-forbunden\/#article","isPartOf":{"@id":"https:\/\/www.almega.se\/2017\/10\/nytt-avtal-tecknat-med-lo-forbunden\/"},"author":{"name":"admin","@id":"https:\/\/www.almega.se\/#\/schema\/person\/9c3674d192fb8b2d1d8b7a3f31c5151d"},"headline":"Nytt avtal tecknat med LO-f\u00f6rbunden","datePublished":"2017-10-17T14:00:00+00:00","mainEntityOfPage":{"@id":"https:\/\/www.almega.se\/2017\/10\/nytt-avtal-tecknat-med-lo-forbunden\/"},"wordCount":1075,"inLanguage":"sv-SE"},{"@type":"WebPage","@id":"https:\/\/www.almega.se\/2017\/10\/nytt-avtal-tecknat-med-lo-forbunden\/","url":"https:\/\/www.almega.se\/2017\/10\/nytt-avtal-tecknat-med-lo-forbunden\/","name":"Nytt avtal tecknat med LO-f\u00f6rbunden | Almega","isPartOf":{"@id":"https:\/\/www.almega.se\/#website"},"datePublished":"2017-10-17T14:00:00+00:00","author":{"@id":"https:\/\/www.almega.se\/#\/schema\/person\/9c3674d192fb8b2d1d8b7a3f31c5151d"},"breadcrumb":{"@id":"https:\/\/www.almega.se\/2017\/10\/nytt-avtal-tecknat-med-lo-forbunden\/#breadcrumb"},"inLanguage":"sv-SE","potentialAction":[{"@type":"ReadAction","target":["https:\/\/www.almega.se\/2017\/10\/nytt-avtal-tecknat-med-lo-forbunden\/"]}]},{"@type":"BreadcrumbList","@id":"https:\/\/www.almega.se\/2017\/10\/nytt-avtal-tecknat-med-lo-forbunden\/#breadcrumb","itemListElement":[{"@type":"ListItem","position":1,"name":"Home","item":"https:\/\/www.almega.se\/"},{"@type":"ListItem","position":2,"name":"Nytt avtal tecknat med LO-f\u00f6rbunden"}]},{"@type":"WebSite","@id":"https:\/\/www.almega.se\/#website","url":"https:\/\/www.almega.se\/","name":"Almega","description":"","potentialAction":[{"@type":"SearchAction","target":{"@type":"EntryPoint","urlTemplate":"https:\/\/www.almega.se\/?s={search_term_string}"},"query-input":{"@type":"PropertyValueSpecification","valueRequired":true,"valueName":"search_term_string"}}],"inLanguage":"sv-SE"},{"@type":"Person","@id":"https:\/\/www.almega.se\/#\/schema\/person\/9c3674d192fb8b2d1d8b7a3f31c5151d","name":"admin","image":{"@type":"ImageObject","inLanguage":"sv-SE","@id":"https:\/\/www.almega.se\/#\/schema\/person\/image\/","url":"https:\/\/secure.gravatar.com\/avatar\/13aac7e7a7582f599e3ba7706cec051e12eac4ad6c2ffe6f9d24800e63294187?s=96&d=mm&r=g","contentUrl":"https:\/\/secure.gravatar.com\/avatar\/13aac7e7a7582f599e3ba7706cec051e12eac4ad6c2ffe6f9d24800e63294187?s=96&d=mm&r=g","caption":"admin"},"url":"https:\/\/www.almega.se\/person\/admin\/"}]}},"_links":{"self":[{"href":"https:\/\/www.almega.se\/api\/wp\/v2\/posts\/10901","targetHints":{"allow":["GET"]}}],"collection":[{"href":"https:\/\/www.almega.se\/api\/wp\/v2\/posts"}],"about":[{"href":"https:\/\/www.almega.se\/api\/wp\/v2\/types\/post"}],"author":[{"embeddable":true,"href":"https:\/\/www.almega.se\/api\/wp\/v2\/users\/1"}],"replies":[{"embeddable":true,"href":"https:\/\/www.almega.se\/api\/wp\/v2\/comments?post=10901"}],"version-history":[{"count":1,"href":"https:\/\/www.almega.se\/api\/wp\/v2\/posts\/10901\/revisions"}],"predecessor-version":[{"id":58035,"href":"https:\/\/www.almega.se\/api\/wp\/v2\/posts\/10901\/revisions\/58035"}],"wp:attachment":[{"href":"https:\/\/www.almega.se\/api\/wp\/v2\/media?parent=10901"}],"wp:term":[{"taxonomy":"category","embeddable":true,"href":"https:\/\/www.almega.se\/api\/wp\/v2\/categories?post=10901"},{"taxonomy":"post_tag","embeddable":true,"href":"https:\/\/www.almega.se\/api\/wp\/v2\/tags?post=10901"},{"taxonomy":"type","embeddable":true,"href":"https:\/\/www.almega.se\/api\/wp\/v2\/article_type?post=10901"},{"taxonomy":"agreement","embeddable":true,"href":"https:\/\/www.almega.se\/api\/wp\/v2\/agreement?post=10901"}],"curies":[{"name":"wp","href":"https:\/\/api.w.org\/{rel}","templated":true}]}}