{"id":10895,"date":"2017-10-17T15:00:00","date_gmt":"2017-10-17T15:00:00","guid":{"rendered":"http:\/\/almega.azurewebsites.net\/2017\/10\/nytt-kollektivavtal-avseende-gym-och-friskvardsforetag-finns-nu-tillgangligt-pa-almega-se\/"},"modified":"2017-10-17T15:00:00","modified_gmt":"2017-10-17T15:00:00","slug":"nytt-kollektivavtal-avseende-gym-och-friskvardsforetag-finns-nu-tillgangligt-pa-almega-se","status":"publish","type":"post","link":"https:\/\/www.almega.se\/2017\/10\/nytt-kollektivavtal-avseende-gym-och-friskvardsforetag-finns-nu-tillgangligt-pa-almega-se\/","title":{"rendered":"Nytt kollektivavtal avseende Gym- och friskv\u00e5rds&shy;f\u00f6retag finns nu tillg\u00e4ngligt p\u00e5 almega.se"},"content":{"rendered":"\n<p class=\"intro\">Det nya kollektivavtalet avseende Gym- och friskv\u00e5rdsf\u00f6retag finns nu tillg\u00e4ngligt p\u00e5 Almegas hemsida.<\/p>\n<p>Du kan l&auml;sa det nya kollektivavtalet <a href=\"\/app\/uploads\/imported\/Gym-och-friskvard-6589-1706-slutgiltig.pdf\" target=\"_blank\" title=\"Gym och friskv\u00e5rd_6589_1706_slutgiltig.pdf\" rel=\"noopener\">h&auml;r<\/a> eller hitta det p&aring; almega.se, Arbetsgivarguiden, Dina kollektivavtal.<\/p>\n<p>Kollektivavtalet kommer &auml;ven tryckas i fysisk form, respektive&nbsp;f&ouml;retag kommer att f&aring; ett exemplar.<\/p>\n<h2>Korrigering i kollektivavtalet betr&auml;ffande Avbrytande av tidsbegr&auml;nsade anst&auml;llningar &sect; 11 punkt 11.3.4.<\/h2>\n<p>Parterna har enats om att den sedan tidigare g&auml;llande upps&auml;gningstiden om 14 dagar fortfarande g&auml;ller. Det angavs tidigare felaktigt en m&aring;nad i tidigare information.<\/p>\n<p>Se nedan:<\/p>\n<p><em><strong>&rdquo; 11.3.4 &nbsp;&nbsp;&nbsp;&nbsp;&nbsp;&nbsp;&nbsp; Avbrytande av tidsbegr&auml;nsade anst&auml;llningar<\/strong><\/em><\/p>\n<p><em>En tidsbegr&auml;nsad anst&auml;llning enligt 2.3 kan bringas att upph&ouml;ra genom att arbetsgivaren eller arbetstagaren l&auml;mnar underr&auml;ttelse d&auml;rom. Anst&auml;llningen upph&ouml;r d&aring;<strong> fjorton dagar <\/strong>efter det att n&aring;gondera parten skriftligen underr&auml;ttat motparten om sin avsikt att avbryta anst&auml;llningen. M&ouml;jligheten att genom underr&auml;ttelse bringa anst&auml;llningen att upph&ouml;ra g&auml;ller endast fram till den tidpunkt d&aring; arbetstagaren har en sammanlagd anst&auml;llningstid om sex m&aring;nader vid f&ouml;retaget. N&auml;r en tidsbegr&auml;nsad anst&auml;llning har f&ouml;reg&aring;tts av en provanst&auml;llning i liknande befattning i f&ouml;retaget minskas pr&ouml;votiden i motsvarande grad.<\/em><\/p>\n<p><em>Om en tidsbegr&auml;nsad anst&auml;llning upph&ouml;r att g&auml;lla genom underr&auml;ttelse fr&aring;n arbetsgivaren, ska arbetsgivaren motivera sitt st&auml;llningstagande om arbetstagaren beg&auml;r det.<br \/>  Dessa regler tr&auml;der i kraft den 1 september 2017. F&ouml;r anst&auml;llningsavtal som &auml;r tr&auml;ffade f&ouml;re den 1 september 2017 g&auml;ller tidigare regler f&ouml;r s&aring;dana anst&auml;llningar fullt ut.<\/em><\/p>\n<p><em>Anm&auml;rkning:<br \/>  Arbetsgivaren och arbetstagaren kan skriftligen &ouml;verenskomma om att en tidsbegr&auml;nsad anst&auml;llning inte av n&aring;gondera parten kan bringas att upph&ouml;ra genom underr&auml;ttelse.<\/em><\/p>\n<p>Reviderade anst&auml;llningsavtal finns sedan tidigare p&aring; hemsidan. F&ouml;r anst&auml;llningsavtal som tr&auml;ffas fr&aring;n och med den 1 november 2017 eller senare, finns nu mall p&aring; hemsidan. F&ouml;r dessa anst&auml;llningar beh&ouml;ver ni beakta eventuell avs&auml;ttning till Flexpension. Det finns tv&aring; mallar f&ouml;r anst&auml;llningsavtal, en d&auml;r f&ouml;retagen till&aring;ter avst&aring;ende av Flexpension f&ouml;r den aktuella anst&auml;llningen till f&ouml;rm&aring;n f&ouml;r l&ouml;n och en mall d&auml;r f&ouml;retagen inte till&aring;ter avst&aring;ende av Flexpension f&ouml;r den aktuella anst&auml;llningen.<\/p>\n<h2>Flexpension<\/h2>\n<p>Vi vill p&aring;minna om tidigare utskickad information om Flexpension.<\/p>\n<p>Ni m&aring;ste enligt 19 &sect; MBL informera facken om huruvida de anst&auml;llda f&aring;r v&auml;lja att avst&aring; Flexpension till f&ouml;rm&aring;n f&ouml;r l&ouml;n eller inte. Ni beh&ouml;ver inte erbjuda valm&ouml;jlighet f&ouml;r samtliga anst&auml;llningar utan kan av administrativa sk&auml;l, f&ouml;r kortare visstidsanst&auml;llningar, v&auml;lja att inte erbjuda m&ouml;jligheten att avst&aring; Flexpension till f&ouml;rm&aring;n f&ouml;r l&ouml;n.<\/p>\n<p>Facket har, p&aring; vanligt vis, m&ouml;jlighet att kalla till f&ouml;rhandling f&ouml;r det fall de tycker att det finns anledning.&nbsp;&nbsp;&nbsp;&nbsp;<\/p>\n<h2>P&aring;minnelse ang&aring;ende byte av pensionsl&ouml;sning fr&aring;n Skandia till ITP.<\/h2>\n<p>Vi vill p&aring;minna de som &auml;nnu inte har skickat in blanketten till Collectum att g&ouml;ra detta snarast m&ouml;jligt.<\/p>\n<h2>Mallar f&ouml;r anst&auml;llningsavtal<\/h2>\n<p>Det finns nu tv&aring; olika anst&auml;llningsavtal samt ett ramavtal p&aring; hemsidan:<\/p>\n<ol>\n<li>Anst&auml;llningsavtal- V&auml;lja l&ouml;n- avst&aring; Flexpension f&ouml;r anst&auml;llda i Gym- och Friskv&aring;rdsf&ouml;retag d&aring; f&ouml;retaget omfattas av kollektivavtal. F&ouml;r anst&auml;llning med tilltr&auml;de fr&aring;n och med den 1 november 2017.<\/li>\n<li>Anst&auml;llningsavtal- Med Flexpension f&ouml;r anst&auml;llda i Gym- och Friskv&aring;rdsf&ouml;retag d&aring; f&ouml;retaget omfattas av kollektivavtal. F&ouml;r anst&auml;llning med tilltr&auml;de fr&aring;n och med den 1 november 2017.<\/li>\n<li>Ramavtal- F&ouml;r visstidsanst&auml;llning vid behov i Gym- och Friskv&aring;rdsf&ouml;retag d&aring; f&ouml;retaget omfattas av kollektivavtal.<br \/>  Utdrag ur kollektivavtalet &sect; 2, 2.3:<br \/>  <em>&rdquo;Anst&auml;llningsavtal kan vid intermittent tidsbegr&auml;nsade anst&auml;llningar utg&ouml;ras av ett ramavtal d&auml;r anst&auml;llningstiden vid varje enskilt tillf&auml;lle dokumenteras av arbetsgivaren i s&auml;rskild bilaga. N&auml;r den enskilde s&aring; beg&auml;r &ouml;verl&auml;mnas ett komplett anst&auml;llningsavtal (ramavtal med ifylld bilaga).<\/em><\/li>\n<\/ol>\n<p>Det anst&auml;llningsavtal som idag finns p&aring; hemsidan kommer att finnas kvar fram till den sista oktober 2017.<\/p>\n<p>&nbsp;<\/p>\n<\/p>\n","protected":false},"excerpt":{"rendered":"<p>Det nya kollektivavtalet avseende Gym- och friskv\u00e5rdsf\u00f6retag finns nu tillg\u00e4ngligt p\u00e5 Almegas hemsida.<\/p>\n","protected":false},"author":1,"featured_media":0,"comment_status":"closed","ping_status":"open","sticky":false,"template":"","format":"standard","meta":{"_acf_changed":false,"footnotes":""},"categories":[1],"tags":[],"article_type":[313],"agreement":[161,246],"class_list":["post-10895","post","type-post","status-publish","format-standard","hentry","category-okategoriserade","type-arbetsgivarnytt","agreement-5dce80f7-ff07-de11-b4e1-02bf9e69ca65","agreement-d7532451-e4a4-e711-810e-003dd8b71e49"],"acf":[],"yoast_head":"<!-- This site is optimized with the Yoast SEO Premium plugin v26.8 (Yoast SEO v26.8) - https:\/\/yoast.com\/product\/yoast-seo-premium-wordpress\/ -->\n<title>Nytt kollektivavtal avseende Gym- och friskv\u00e5rdsf\u00f6retag finns nu tillg\u00e4ngligt p\u00e5 almega.se | Almega<\/title>\n<meta name=\"robots\" content=\"index, follow, max-snippet:-1, max-image-preview:large, max-video-preview:-1\" \/>\n<link rel=\"canonical\" href=\"https:\/\/www.almega.se\/2017\/10\/nytt-kollektivavtal-avseende-gym-och-friskvardsforetag-finns-nu-tillgangligt-pa-almega-se\/\" \/>\n<meta property=\"og:locale\" content=\"sv_SE\" \/>\n<meta property=\"og:type\" content=\"article\" \/>\n<meta property=\"og:title\" content=\"Nytt kollektivavtal avseende Gym- och friskv\u00e5rdsf\u00f6retag finns nu tillg\u00e4ngligt p\u00e5 almega.se\" \/>\n<meta property=\"og:description\" content=\"Det nya kollektivavtalet avseende Gym- och friskv\u00e5rdsf\u00f6retag finns nu tillg\u00e4ngligt p\u00e5 Almegas hemsida.\" \/>\n<meta property=\"og:url\" content=\"https:\/\/www.almega.se\/2017\/10\/nytt-kollektivavtal-avseende-gym-och-friskvardsforetag-finns-nu-tillgangligt-pa-almega-se\/\" \/>\n<meta property=\"og:site_name\" content=\"Almega\" \/>\n<meta property=\"article:published_time\" content=\"2017-10-17T15:00:00+00:00\" \/>\n<meta property=\"og:image\" content=\"https:\/\/www.almega.se\/app\/uploads\/2020\/12\/almega-share-logo.png\" \/>\n\t<meta property=\"og:image:width\" content=\"1200\" \/>\n\t<meta property=\"og:image:height\" content=\"630\" \/>\n\t<meta property=\"og:image:type\" content=\"image\/png\" \/>\n<meta name=\"author\" content=\"admin\" \/>\n<meta name=\"twitter:card\" content=\"summary_large_image\" \/>\n<meta name=\"twitter:label1\" content=\"Skriven av\" \/>\n\t<meta name=\"twitter:data1\" content=\"admin\" \/>\n\t<meta name=\"twitter:label2\" content=\"Ber\u00e4knad l\u00e4stid\" \/>\n\t<meta name=\"twitter:data2\" content=\"5 minuter\" \/>\n<!-- \/ Yoast SEO Premium plugin. -->","yoast_head_json":{"title":"Nytt kollektivavtal avseende Gym- och friskv\u00e5rdsf\u00f6retag finns nu tillg\u00e4ngligt p\u00e5 almega.se | Almega","robots":{"index":"index","follow":"follow","max-snippet":"max-snippet:-1","max-image-preview":"max-image-preview:large","max-video-preview":"max-video-preview:-1"},"canonical":"https:\/\/www.almega.se\/2017\/10\/nytt-kollektivavtal-avseende-gym-och-friskvardsforetag-finns-nu-tillgangligt-pa-almega-se\/","og_locale":"sv_SE","og_type":"article","og_title":"Nytt kollektivavtal avseende Gym- och friskv\u00e5rdsf\u00f6retag finns nu tillg\u00e4ngligt p\u00e5 almega.se","og_description":"Det nya kollektivavtalet avseende Gym- och friskv\u00e5rdsf\u00f6retag finns nu tillg\u00e4ngligt p\u00e5 Almegas hemsida.","og_url":"https:\/\/www.almega.se\/2017\/10\/nytt-kollektivavtal-avseende-gym-och-friskvardsforetag-finns-nu-tillgangligt-pa-almega-se\/","og_site_name":"Almega","article_published_time":"2017-10-17T15:00:00+00:00","og_image":[{"width":1200,"height":630,"url":"https:\/\/www.almega.se\/app\/uploads\/2020\/12\/almega-share-logo.png","type":"image\/png"}],"author":"admin","twitter_card":"summary_large_image","twitter_misc":{"Skriven av":"admin","Ber\u00e4knad l\u00e4stid":"5 minuter"},"schema":{"@context":"https:\/\/schema.org","@graph":[{"@type":"NewsArticle","@id":"https:\/\/www.almega.se\/2017\/10\/nytt-kollektivavtal-avseende-gym-och-friskvardsforetag-finns-nu-tillgangligt-pa-almega-se\/#article","isPartOf":{"@id":"https:\/\/www.almega.se\/2017\/10\/nytt-kollektivavtal-avseende-gym-och-friskvardsforetag-finns-nu-tillgangligt-pa-almega-se\/"},"author":{"name":"admin","@id":"https:\/\/www.almega.se\/#\/schema\/person\/9c3674d192fb8b2d1d8b7a3f31c5151d"},"headline":"Nytt kollektivavtal avseende Gym- och friskv\u00e5rds&shy;f\u00f6retag finns nu tillg\u00e4ngligt p\u00e5 almega.se","datePublished":"2017-10-17T15:00:00+00:00","mainEntityOfPage":{"@id":"https:\/\/www.almega.se\/2017\/10\/nytt-kollektivavtal-avseende-gym-och-friskvardsforetag-finns-nu-tillgangligt-pa-almega-se\/"},"wordCount":915,"inLanguage":"sv-SE"},{"@type":"WebPage","@id":"https:\/\/www.almega.se\/2017\/10\/nytt-kollektivavtal-avseende-gym-och-friskvardsforetag-finns-nu-tillgangligt-pa-almega-se\/","url":"https:\/\/www.almega.se\/2017\/10\/nytt-kollektivavtal-avseende-gym-och-friskvardsforetag-finns-nu-tillgangligt-pa-almega-se\/","name":"Nytt kollektivavtal avseende Gym- och friskv\u00e5rdsf\u00f6retag finns nu tillg\u00e4ngligt p\u00e5 almega.se | Almega","isPartOf":{"@id":"https:\/\/www.almega.se\/#website"},"datePublished":"2017-10-17T15:00:00+00:00","author":{"@id":"https:\/\/www.almega.se\/#\/schema\/person\/9c3674d192fb8b2d1d8b7a3f31c5151d"},"breadcrumb":{"@id":"https:\/\/www.almega.se\/2017\/10\/nytt-kollektivavtal-avseende-gym-och-friskvardsforetag-finns-nu-tillgangligt-pa-almega-se\/#breadcrumb"},"inLanguage":"sv-SE","potentialAction":[{"@type":"ReadAction","target":["https:\/\/www.almega.se\/2017\/10\/nytt-kollektivavtal-avseende-gym-och-friskvardsforetag-finns-nu-tillgangligt-pa-almega-se\/"]}]},{"@type":"BreadcrumbList","@id":"https:\/\/www.almega.se\/2017\/10\/nytt-kollektivavtal-avseende-gym-och-friskvardsforetag-finns-nu-tillgangligt-pa-almega-se\/#breadcrumb","itemListElement":[{"@type":"ListItem","position":1,"name":"Home","item":"https:\/\/www.almega.se\/"},{"@type":"ListItem","position":2,"name":"Nytt kollektivavtal avseende Gym- och friskv\u00e5rds&shy;f\u00f6retag finns nu tillg\u00e4ngligt p\u00e5 almega.se"}]},{"@type":"WebSite","@id":"https:\/\/www.almega.se\/#website","url":"https:\/\/www.almega.se\/","name":"Almega","description":"","potentialAction":[{"@type":"SearchAction","target":{"@type":"EntryPoint","urlTemplate":"https:\/\/www.almega.se\/?s={search_term_string}"},"query-input":{"@type":"PropertyValueSpecification","valueRequired":true,"valueName":"search_term_string"}}],"inLanguage":"sv-SE"},{"@type":"Person","@id":"https:\/\/www.almega.se\/#\/schema\/person\/9c3674d192fb8b2d1d8b7a3f31c5151d","name":"admin","image":{"@type":"ImageObject","inLanguage":"sv-SE","@id":"https:\/\/www.almega.se\/#\/schema\/person\/image\/","url":"https:\/\/secure.gravatar.com\/avatar\/13aac7e7a7582f599e3ba7706cec051e12eac4ad6c2ffe6f9d24800e63294187?s=96&d=mm&r=g","contentUrl":"https:\/\/secure.gravatar.com\/avatar\/13aac7e7a7582f599e3ba7706cec051e12eac4ad6c2ffe6f9d24800e63294187?s=96&d=mm&r=g","caption":"admin"},"url":"https:\/\/www.almega.se\/person\/admin\/"}]}},"_links":{"self":[{"href":"https:\/\/www.almega.se\/api\/wp\/v2\/posts\/10895","targetHints":{"allow":["GET"]}}],"collection":[{"href":"https:\/\/www.almega.se\/api\/wp\/v2\/posts"}],"about":[{"href":"https:\/\/www.almega.se\/api\/wp\/v2\/types\/post"}],"author":[{"embeddable":true,"href":"https:\/\/www.almega.se\/api\/wp\/v2\/users\/1"}],"replies":[{"embeddable":true,"href":"https:\/\/www.almega.se\/api\/wp\/v2\/comments?post=10895"}],"version-history":[{"count":1,"href":"https:\/\/www.almega.se\/api\/wp\/v2\/posts\/10895\/revisions"}],"predecessor-version":[{"id":58036,"href":"https:\/\/www.almega.se\/api\/wp\/v2\/posts\/10895\/revisions\/58036"}],"wp:attachment":[{"href":"https:\/\/www.almega.se\/api\/wp\/v2\/media?parent=10895"}],"wp:term":[{"taxonomy":"category","embeddable":true,"href":"https:\/\/www.almega.se\/api\/wp\/v2\/categories?post=10895"},{"taxonomy":"post_tag","embeddable":true,"href":"https:\/\/www.almega.se\/api\/wp\/v2\/tags?post=10895"},{"taxonomy":"type","embeddable":true,"href":"https:\/\/www.almega.se\/api\/wp\/v2\/article_type?post=10895"},{"taxonomy":"agreement","embeddable":true,"href":"https:\/\/www.almega.se\/api\/wp\/v2\/agreement?post=10895"}],"curies":[{"name":"wp","href":"https:\/\/api.w.org\/{rel}","templated":true}]}}