{"id":10884,"date":"2017-10-17T13:00:00","date_gmt":"2017-10-17T13:00:00","guid":{"rendered":"http:\/\/almega.azurewebsites.net\/2017\/10\/forhandlingarna-gallande-kollektivavtalet-for-personal-i-skargardstrafik-har-strandat\/"},"modified":"2017-10-17T13:00:00","modified_gmt":"2017-10-17T13:00:00","slug":"forhandlingarna-gallande-kollektivavtalet-for-personal-i-skargardstrafik-har-strandat","status":"publish","type":"post","link":"https:\/\/www.almega.se\/2017\/10\/forhandlingarna-gallande-kollektivavtalet-for-personal-i-skargardstrafik-har-strandat\/","title":{"rendered":"F\u00f6rhandlingarna g\u00e4llande Kollektiv&shy;avtalet f\u00f6r personal i Sk\u00e4rg\u00e5rdstrafik har strandat."},"content":{"rendered":"\n<p>Vi har nyss strandat f&ouml;rhandlingarna med Seko om ett nytt l&ouml;neavtal f&ouml;r sk&auml;rg&aring;rdstrafiken.<\/p>\n<p>Efter ett stort antal f&ouml;rhandlingssammantr&auml;den sedan b&ouml;rjan av september tvingas vi konstatera att det f&ouml;rn&auml;rvarande inte &auml;r m&ouml;jligt att komma &ouml;verens.<\/p>\n<p>Med utg&aring;ngspunkt fr&aring;n &rdquo;industrim&auml;rket&rdquo;, 6,5% under tre &aring;r, har vi f&ouml;rt diskussioner med Seko om bland annat en sm&auml;rre omstrukturering av l&ouml;netariffen.<\/p>\n<p>V&aring;r uppfattning &auml;r att alla f&ouml;rslag som Seko &ouml;verl&auml;mnat har &ouml;verstigit det s&aring; kallade &rdquo;industrim&auml;rket&rdquo;.<\/p>\n<p>Vi avvaktar nu eventuella &aring;tg&auml;rder fr&aring;n Seko.<\/p>\n<p>Vill du veta mer kontakta:<br \/>  Patrik Eidfelt 08-7626937 eller Tomas Bengtson 08-7627046<\/p>\n<\/p>\n","protected":false},"excerpt":{"rendered":"<p>Vi har nyss strandat f&ouml;rhandlingarna med Seko om ett nytt l&ouml;neavtal f&ouml;r sk&auml;rg&aring;rdstrafiken. Efter ett stort antal f&ouml;rhandlingssammantr&auml;den sedan b&ouml;rjan av september tvingas vi konstatera att det f&ouml;rn&auml;rvarande inte &auml;r m&ouml;jligt att komma &ouml;verens. Med &hellip;<\/p>\n","protected":false},"author":1,"featured_media":0,"comment_status":"closed","ping_status":"open","sticky":false,"template":"","format":"standard","meta":{"_acf_changed":false,"footnotes":""},"categories":[1],"tags":[],"article_type":[313],"agreement":[207],"class_list":["post-10884","post","type-post","status-publish","format-standard","hentry","category-okategoriserade","type-arbetsgivarnytt","agreement-43ce80f7-ff07-de11-b4e1-02bf9e69ca65"],"acf":[],"yoast_head":"<!-- This site is optimized with the Yoast SEO Premium plugin v26.8 (Yoast SEO v26.8) - https:\/\/yoast.com\/product\/yoast-seo-premium-wordpress\/ -->\n<title>F\u00f6rhandlingarna g\u00e4llande Kollektivavtalet f\u00f6r personal i Sk\u00e4rg\u00e5rdstrafik har strandat. | Almega<\/title>\n<meta name=\"robots\" content=\"index, follow, max-snippet:-1, max-image-preview:large, max-video-preview:-1\" \/>\n<link rel=\"canonical\" href=\"https:\/\/www.almega.se\/2017\/10\/forhandlingarna-gallande-kollektivavtalet-for-personal-i-skargardstrafik-har-strandat\/\" \/>\n<meta property=\"og:locale\" content=\"sv_SE\" \/>\n<meta property=\"og:type\" content=\"article\" \/>\n<meta property=\"og:title\" content=\"F\u00f6rhandlingarna g\u00e4llande Kollektivavtalet f\u00f6r personal i Sk\u00e4rg\u00e5rdstrafik har strandat.\" \/>\n<meta property=\"og:description\" content=\"Vi har nyss strandat f&ouml;rhandlingarna med Seko om ett nytt l&ouml;neavtal f&ouml;r sk&auml;rg&aring;rdstrafiken. Efter ett stort antal f&ouml;rhandlingssammantr&auml;den sedan b&ouml;rjan av september tvingas vi konstatera att det f&ouml;rn&auml;rvarande inte &auml;r m&ouml;jligt att komma &ouml;verens. Med &hellip;\" \/>\n<meta property=\"og:url\" content=\"https:\/\/www.almega.se\/2017\/10\/forhandlingarna-gallande-kollektivavtalet-for-personal-i-skargardstrafik-har-strandat\/\" \/>\n<meta property=\"og:site_name\" content=\"Almega\" \/>\n<meta property=\"article:published_time\" content=\"2017-10-17T13:00:00+00:00\" \/>\n<meta property=\"og:image\" content=\"https:\/\/www.almega.se\/app\/uploads\/2020\/12\/almega-share-logo.png\" \/>\n\t<meta property=\"og:image:width\" content=\"1200\" \/>\n\t<meta property=\"og:image:height\" content=\"630\" \/>\n\t<meta property=\"og:image:type\" content=\"image\/png\" \/>\n<meta name=\"author\" content=\"admin\" \/>\n<meta name=\"twitter:card\" content=\"summary_large_image\" \/>\n<meta name=\"twitter:label1\" content=\"Skriven av\" \/>\n\t<meta name=\"twitter:data1\" content=\"admin\" \/>\n\t<meta name=\"twitter:label2\" content=\"Ber\u00e4knad l\u00e4stid\" \/>\n\t<meta name=\"twitter:data2\" content=\"1 minut\" \/>\n<!-- \/ Yoast SEO Premium plugin. -->","yoast_head_json":{"title":"F\u00f6rhandlingarna g\u00e4llande Kollektivavtalet f\u00f6r personal i Sk\u00e4rg\u00e5rdstrafik har strandat. | Almega","robots":{"index":"index","follow":"follow","max-snippet":"max-snippet:-1","max-image-preview":"max-image-preview:large","max-video-preview":"max-video-preview:-1"},"canonical":"https:\/\/www.almega.se\/2017\/10\/forhandlingarna-gallande-kollektivavtalet-for-personal-i-skargardstrafik-har-strandat\/","og_locale":"sv_SE","og_type":"article","og_title":"F\u00f6rhandlingarna g\u00e4llande Kollektivavtalet f\u00f6r personal i Sk\u00e4rg\u00e5rdstrafik har strandat.","og_description":"Vi har nyss strandat f&ouml;rhandlingarna med Seko om ett nytt l&ouml;neavtal f&ouml;r sk&auml;rg&aring;rdstrafiken. Efter ett stort antal f&ouml;rhandlingssammantr&auml;den sedan b&ouml;rjan av september tvingas vi konstatera att det f&ouml;rn&auml;rvarande inte &auml;r m&ouml;jligt att komma &ouml;verens. Med &hellip;","og_url":"https:\/\/www.almega.se\/2017\/10\/forhandlingarna-gallande-kollektivavtalet-for-personal-i-skargardstrafik-har-strandat\/","og_site_name":"Almega","article_published_time":"2017-10-17T13:00:00+00:00","og_image":[{"width":1200,"height":630,"url":"https:\/\/www.almega.se\/app\/uploads\/2020\/12\/almega-share-logo.png","type":"image\/png"}],"author":"admin","twitter_card":"summary_large_image","twitter_misc":{"Skriven av":"admin","Ber\u00e4knad l\u00e4stid":"1 minut"},"schema":{"@context":"https:\/\/schema.org","@graph":[{"@type":"NewsArticle","@id":"https:\/\/www.almega.se\/2017\/10\/forhandlingarna-gallande-kollektivavtalet-for-personal-i-skargardstrafik-har-strandat\/#article","isPartOf":{"@id":"https:\/\/www.almega.se\/2017\/10\/forhandlingarna-gallande-kollektivavtalet-for-personal-i-skargardstrafik-har-strandat\/"},"author":{"name":"admin","@id":"https:\/\/www.almega.se\/#\/schema\/person\/9c3674d192fb8b2d1d8b7a3f31c5151d"},"headline":"F\u00f6rhandlingarna g\u00e4llande Kollektiv&shy;avtalet f\u00f6r personal i Sk\u00e4rg\u00e5rdstrafik har strandat.","datePublished":"2017-10-17T13:00:00+00:00","mainEntityOfPage":{"@id":"https:\/\/www.almega.se\/2017\/10\/forhandlingarna-gallande-kollektivavtalet-for-personal-i-skargardstrafik-har-strandat\/"},"wordCount":161,"inLanguage":"sv-SE"},{"@type":"WebPage","@id":"https:\/\/www.almega.se\/2017\/10\/forhandlingarna-gallande-kollektivavtalet-for-personal-i-skargardstrafik-har-strandat\/","url":"https:\/\/www.almega.se\/2017\/10\/forhandlingarna-gallande-kollektivavtalet-for-personal-i-skargardstrafik-har-strandat\/","name":"F\u00f6rhandlingarna g\u00e4llande Kollektivavtalet f\u00f6r personal i Sk\u00e4rg\u00e5rdstrafik har strandat. | Almega","isPartOf":{"@id":"https:\/\/www.almega.se\/#website"},"datePublished":"2017-10-17T13:00:00+00:00","author":{"@id":"https:\/\/www.almega.se\/#\/schema\/person\/9c3674d192fb8b2d1d8b7a3f31c5151d"},"breadcrumb":{"@id":"https:\/\/www.almega.se\/2017\/10\/forhandlingarna-gallande-kollektivavtalet-for-personal-i-skargardstrafik-har-strandat\/#breadcrumb"},"inLanguage":"sv-SE","potentialAction":[{"@type":"ReadAction","target":["https:\/\/www.almega.se\/2017\/10\/forhandlingarna-gallande-kollektivavtalet-for-personal-i-skargardstrafik-har-strandat\/"]}]},{"@type":"BreadcrumbList","@id":"https:\/\/www.almega.se\/2017\/10\/forhandlingarna-gallande-kollektivavtalet-for-personal-i-skargardstrafik-har-strandat\/#breadcrumb","itemListElement":[{"@type":"ListItem","position":1,"name":"Home","item":"https:\/\/www.almega.se\/"},{"@type":"ListItem","position":2,"name":"F\u00f6rhandlingarna g\u00e4llande Kollektiv&shy;avtalet f\u00f6r personal i Sk\u00e4rg\u00e5rdstrafik har strandat."}]},{"@type":"WebSite","@id":"https:\/\/www.almega.se\/#website","url":"https:\/\/www.almega.se\/","name":"Almega","description":"","potentialAction":[{"@type":"SearchAction","target":{"@type":"EntryPoint","urlTemplate":"https:\/\/www.almega.se\/?s={search_term_string}"},"query-input":{"@type":"PropertyValueSpecification","valueRequired":true,"valueName":"search_term_string"}}],"inLanguage":"sv-SE"},{"@type":"Person","@id":"https:\/\/www.almega.se\/#\/schema\/person\/9c3674d192fb8b2d1d8b7a3f31c5151d","name":"admin","image":{"@type":"ImageObject","inLanguage":"sv-SE","@id":"https:\/\/www.almega.se\/#\/schema\/person\/image\/","url":"https:\/\/secure.gravatar.com\/avatar\/13aac7e7a7582f599e3ba7706cec051e12eac4ad6c2ffe6f9d24800e63294187?s=96&d=mm&r=g","contentUrl":"https:\/\/secure.gravatar.com\/avatar\/13aac7e7a7582f599e3ba7706cec051e12eac4ad6c2ffe6f9d24800e63294187?s=96&d=mm&r=g","caption":"admin"},"url":"https:\/\/www.almega.se\/person\/admin\/"}]}},"_links":{"self":[{"href":"https:\/\/www.almega.se\/api\/wp\/v2\/posts\/10884","targetHints":{"allow":["GET"]}}],"collection":[{"href":"https:\/\/www.almega.se\/api\/wp\/v2\/posts"}],"about":[{"href":"https:\/\/www.almega.se\/api\/wp\/v2\/types\/post"}],"author":[{"embeddable":true,"href":"https:\/\/www.almega.se\/api\/wp\/v2\/users\/1"}],"replies":[{"embeddable":true,"href":"https:\/\/www.almega.se\/api\/wp\/v2\/comments?post=10884"}],"version-history":[{"count":1,"href":"https:\/\/www.almega.se\/api\/wp\/v2\/posts\/10884\/revisions"}],"predecessor-version":[{"id":58038,"href":"https:\/\/www.almega.se\/api\/wp\/v2\/posts\/10884\/revisions\/58038"}],"wp:attachment":[{"href":"https:\/\/www.almega.se\/api\/wp\/v2\/media?parent=10884"}],"wp:term":[{"taxonomy":"category","embeddable":true,"href":"https:\/\/www.almega.se\/api\/wp\/v2\/categories?post=10884"},{"taxonomy":"post_tag","embeddable":true,"href":"https:\/\/www.almega.se\/api\/wp\/v2\/tags?post=10884"},{"taxonomy":"type","embeddable":true,"href":"https:\/\/www.almega.se\/api\/wp\/v2\/article_type?post=10884"},{"taxonomy":"agreement","embeddable":true,"href":"https:\/\/www.almega.se\/api\/wp\/v2\/agreement?post=10884"}],"curies":[{"name":"wp","href":"https:\/\/api.w.org\/{rel}","templated":true}]}}